{"id":7847,"date":"2022-10-06T16:58:00","date_gmt":"2022-10-06T13:58:00","guid":{"rendered":"https:\/\/kanerva.eu\/fi\/?p=7847"},"modified":"2024-07-05T14:05:59","modified_gmt":"2024-07-05T11:05:59","slug":"espoon-ps-valtuustoryhman-ajankohtaiskatsaus-6-10-2022","status":"publish","type":"post","link":"https:\/\/kanerva.eu\/fi\/7847\/espoon-ps-valtuustoryhman-ajankohtaiskatsaus-6-10-2022\/","title":{"rendered":"Espoon PS valtuustoryhm\u00e4n ajankohtaiskatsaus 6.10.2022"},"content":{"rendered":"\n<p class=\"wp-block-paragraph\">Tervetuloa keskustelemaan ajankohtaisista asioista torstaina 6.10.2022 klo 18-20 Espoon Valtuustotalon kahvilaan. Paikalla Espoon Perussuomalaisten valtuustoryhm\u00e4l\u00e4isi\u00e4 sek\u00e4 tutkija Samuli Salminen kertomassa maahanmuuton vaikutuksista kuntien ja kaupunkien talouteen.<\/p>\n\n\n\n<p class=\"wp-block-paragraph\">Puheenaiheina muun muassa Espoon talous, kest\u00e4v\u00e4 kasvu, maahanmuutto sek\u00e4 kaavoitus.<\/p>\n\n\n\n<p class=\"wp-block-paragraph\"><\/p>\n\n\n\n<figure class=\"wp-block-image aligncenter size-full\"><img loading=\"lazy\" decoding=\"async\" width=\"800\" height=\"567\" src=\"data:image\/gif;base64,R0lGODlhAQABAAAAACH5BAEKAAEALAAAAAABAAEAAAICTAEAOw==\" alt=\"\" class=\"wp-image-7848 lazyload\" sizes=\"auto, (max-width: 800px) 100vw, 800px\" data-src=\"https:\/\/kanerva.eu\/fi\/wp-content\/uploads\/psilmoitus-221001-C.jpg\" data-srcset=\"https:\/\/kanerva.eu\/fi\/wp-content\/uploads\/psilmoitus-221001-C.jpg 800w, https:\/\/kanerva.eu\/fi\/wp-content\/uploads\/psilmoitus-221001-C-300x213.jpg 300w, https:\/\/kanerva.eu\/fi\/wp-content\/uploads\/psilmoitus-221001-C-768x544.jpg 768w, https:\/\/kanerva.eu\/fi\/wp-content\/uploads\/psilmoitus-221001-C-225x159.jpg 225w\"><\/figure>\n","protected":false},"excerpt":{"rendered":"<p>Tervetuloa keskustelemaan ajankohtaisista asioista torstaina 6.10.2022 klo 18-20 Espoon Valtuustotalon kahvilaan. Paikalla Espoon Perussuomalaisten valtuustoryhm\u00e4l\u00e4isi\u00e4 sek\u00e4 tutkija Samuli Salminen kertomassa maahanmuuton vaikutuksista kuntien ja kaupunkien talouteen. Puheenaiheina muun muassa Espoon talous, kest\u00e4v\u00e4 kasvu, maahanmuutto sek\u00e4 kaavoitus.<\/p>\n","protected":false},"author":1,"featured_media":7848,"comment_status":"closed","ping_status":"closed","sticky":false,"template":"","format":"standard","meta":{"_uag_custom_page_level_css":"","_crdt_document":"","site-sidebar-layout":"default","site-content-layout":"","ast-site-content-layout":"default","site-content-style":"default","site-sidebar-style":"default","ast-global-header-display":"","ast-banner-title-visibility":"","ast-main-header-display":"","ast-hfb-above-header-display":"","ast-hfb-below-header-display":"","ast-hfb-mobile-header-display":"","site-post-title":"","ast-breadcrumbs-content":"","ast-featured-img":"","footer-sml-layout":"","ast-disable-related-posts":"","theme-transparent-header-meta":"","adv-header-id-meta":"","stick-header-meta":"","header-above-stick-meta":"","header-main-stick-meta":"","header-below-stick-meta":"","astra-migrate-meta-layouts":"default","ast-page-background-enabled":"default","ast-page-background-meta":{"desktop":{"background-color":"","background-image":"","background-repeat":"repeat","background-position":"center center","background-size":"auto","background-attachment":"scroll","background-type":"","background-media":"","overlay-type":"","overlay-color":"","overlay-opacity":"","overlay-gradient":""},"tablet":{"background-color":"","background-image":"","background-repeat":"repeat","background-position":"center center","background-size":"auto","background-attachment":"scroll","background-type":"","background-media":"","overlay-type":"","overlay-color":"","overlay-opacity":"","overlay-gradient":""},"mobile":{"background-color":"","background-image":"","background-repeat":"repeat","background-position":"center center","background-size":"auto","background-attachment":"scroll","background-type":"","background-media":"","overlay-type":"","overlay-color":"","overlay-opacity":"","overlay-gradient":""}},"ast-content-background-meta":{"desktop":{"background-color":"var(--ast-global-color-5)","background-image":"","background-repeat":"repeat","background-position":"center center","background-size":"auto","background-attachment":"scroll","background-type":"","background-media":"","overlay-type":"","overlay-color":"","overlay-opacity":"","overlay-gradient":""},"tablet":{"background-color":"var(--ast-global-color-5)","background-image":"","background-repeat":"repeat","background-position":"center center","background-size":"auto","background-attachment":"scroll","background-type":"","background-media":"","overlay-type":"","overlay-color":"","overlay-opacity":"","overlay-gradient":""},"mobile":{"background-color":"var(--ast-global-color-5)","background-image":"","background-repeat":"repeat","background-position":"center center","background-size":"auto","background-attachment":"scroll","background-type":"","background-media":"","overlay-type":"","overlay-color":"","overlay-opacity":"","overlay-gradient":""}},"footnotes":""},"categories":[120,119,118],"tags":[295,200,211,201],"class_list":["post-7847","post","type-post","status-publish","format-standard","has-post-thumbnail","hentry","category-blogi","category-blogi-etusivu","category-uutiset","tag-ajankotaista","tag-espoon-perussuomalaiset","tag-uutiset","tag-valtuusto"],"uagb_featured_image_src":{"full":["https:\/\/kanerva.eu\/fi\/wp-content\/uploads\/psilmoitus-221001-C.jpg",800,567,false],"thumbnail":["https:\/\/kanerva.eu\/fi\/wp-content\/uploads\/psilmoitus-221001-C-150x267.jpg",150,267,true],"medium":["https:\/\/kanerva.eu\/fi\/wp-content\/uploads\/psilmoitus-221001-C-300x213.jpg",300,213,true],"medium_large":["https:\/\/kanerva.eu\/fi\/wp-content\/uploads\/psilmoitus-221001-C-768x544.jpg",768,544,true],"large":["https:\/\/kanerva.eu\/fi\/wp-content\/uploads\/psilmoitus-221001-C.jpg",800,567,false],"thumblist":["https:\/\/kanerva.eu\/fi\/wp-content\/uploads\/psilmoitus-221001-C-300x300.jpg",300,300,true],"thumbrelated":["https:\/\/kanerva.eu\/fi\/wp-content\/uploads\/psilmoitus-221001-C.jpg",500,354,false],"meccarouselthumb":["https:\/\/kanerva.eu\/fi\/wp-content\/uploads\/psilmoitus-221001-C-474x324.jpg",474,324,true],"gridsquare":["https:\/\/kanerva.eu\/fi\/wp-content\/uploads\/psilmoitus-221001-C-391x260.jpg",391,260,true],"tileview":["https:\/\/kanerva.eu\/fi\/wp-content\/uploads\/psilmoitus-221001-C-300x400.jpg",300,400,true],"1536x1536":["https:\/\/kanerva.eu\/fi\/wp-content\/uploads\/psilmoitus-221001-C.jpg",800,567,false],"2048x2048":["https:\/\/kanerva.eu\/fi\/wp-content\/uploads\/psilmoitus-221001-C.jpg",800,567,false]},"uagb_author_info":{"display_name":"Kanerva Jarmo","author_link":"https:\/\/kanerva.eu\/fi\/author\/admin\/"},"uagb_comment_info":0,"uagb_excerpt":"Tervetuloa keskustelemaan ajankohtaisista asioista torstaina 6.10.2022 klo 18-20 Espoon Valtuustotalon kahvilaan. Paikalla Espoon Perussuomalaisten valtuustoryhm\u00e4l\u00e4isi\u00e4 sek\u00e4 tutkija Samuli Salminen kertomassa maahanmuuton vaikutuksista kuntien ja kaupunkien talouteen. Puheenaiheina muun muassa Espoon talous, kest\u00e4v\u00e4 kasvu, maahanmuutto sek\u00e4 kaavoitus.","_links":{"self":[{"href":"https:\/\/kanerva.eu\/fi\/wp-json\/wp\/v2\/posts\/7847","targetHints":{"allow":["GET"]}}],"collection":[{"href":"https:\/\/kanerva.eu\/fi\/wp-json\/wp\/v2\/posts"}],"about":[{"href":"https:\/\/kanerva.eu\/fi\/wp-json\/wp\/v2\/types\/post"}],"author":[{"embeddable":true,"href":"https:\/\/kanerva.eu\/fi\/wp-json\/wp\/v2\/users\/1"}],"replies":[{"embeddable":true,"href":"https:\/\/kanerva.eu\/fi\/wp-json\/wp\/v2\/comments?post=7847"}],"version-history":[{"count":1,"href":"https:\/\/kanerva.eu\/fi\/wp-json\/wp\/v2\/posts\/7847\/revisions"}],"predecessor-version":[{"id":7849,"href":"https:\/\/kanerva.eu\/fi\/wp-json\/wp\/v2\/posts\/7847\/revisions\/7849"}],"wp:featuredmedia":[{"embeddable":true,"href":"https:\/\/kanerva.eu\/fi\/wp-json\/wp\/v2\/media\/7848"}],"wp:attachment":[{"href":"https:\/\/kanerva.eu\/fi\/wp-json\/wp\/v2\/media?parent=7847"}],"wp:term":[{"taxonomy":"category","embeddable":true,"href":"https:\/\/kanerva.eu\/fi\/wp-json\/wp\/v2\/categories?post=7847"},{"taxonomy":"post_tag","embeddable":true,"href":"https:\/\/kanerva.eu\/fi\/wp-json\/wp\/v2\/tags?post=7847"}],"curies":[{"name":"wp","href":"https:\/\/api.w.org\/{rel}","templated":true}]}}