{"id":5899,"date":"2021-09-26T02:15:16","date_gmt":"2021-09-25T23:15:16","guid":{"rendered":"https:\/\/kanerva.eu\/fi\/?p=5899"},"modified":"2024-07-05T14:06:21","modified_gmt":"2024-07-05T11:06:21","slug":"espoon-perusilta-25-9-2021","status":"publish","type":"post","link":"https:\/\/kanerva.eu\/fi\/5899\/espoon-perusilta-25-9-2021\/","title":{"rendered":"Espoon Perusilta 25.9.2021"},"content":{"rendered":"\n<p class=\"wp-block-paragraph\">Espoossa oli valtuustosalissa  Espoon perussuomalaisten j\u00e4sentapaaminen, Perusilta klo 13-19. Tapahtumassa k\u00e4ytiin lapi viimeaikaisia kuulumisia ja kehityst\u00e4. Paikalla oli piirist\u00e4 edustajat, Kansanedustaja Arja Juvonen, kansanedustaja Leena Meri puolueen ensimm\u00e4inen varapuheenjohtaja, joka on my\u00f6s eduskunnan lakivaliokunnan puheenjohtaja sek\u00e4 valtakunnanoikeuden j\u00e4sen vuosille 2020\u20132023 ja suuri osa valtuustoryhm\u00e4\u00e4 ja j\u00e4seni\u00e4.  Paikalla oli parhaimmaillaan  noin 50 henke\u00e4.  Ryhm\u00e4ty\u00f6ss\u00e4 pyydettiiin kehitysideoita ja visoita mit\u00e4 Espoon Perussuomalaiset ovat vuonna 2022. Ty\u00f6st\u00e4 saatiinkin paljon hyvi\u00e4 ideoita ja kannanottoja. Kiitokset erityisesti Kirsille, Jonille ja Sepolle hyv\u00e4st\u00e4 j\u00e4rjestelyst\u00e4!<\/p>\n\n\n\n<figure class=\"wp-block-image aligncenter size-full is-style-default\"><img loading=\"lazy\" decoding=\"async\" width=\"800\" height=\"533\" src=\"data:image\/gif;base64,R0lGODlhAQABAAAAACH5BAEKAAEALAAAAAABAAEAAAICTAEAOw==\" alt=\"\" class=\"wp-image-5900 lazyload\" sizes=\"auto, (max-width: 800px) 100vw, 800px\" data-src=\"https:\/\/kanerva.eu\/fi\/wp-content\/uploads\/IMG_0266-800.jpg\" data-srcset=\"https:\/\/kanerva.eu\/fi\/wp-content\/uploads\/IMG_0266-800.jpg 800w, https:\/\/kanerva.eu\/fi\/wp-content\/uploads\/IMG_0266-800-300x200.jpg 300w, https:\/\/kanerva.eu\/fi\/wp-content\/uploads\/IMG_0266-800-768x512.jpg 768w, https:\/\/kanerva.eu\/fi\/wp-content\/uploads\/IMG_0266-800-391x260.jpg 391w, https:\/\/kanerva.eu\/fi\/wp-content\/uploads\/IMG_0266-800-225x150.jpg 225w\"><figcaption class=\"wp-element-caption\">Ryhm\u00e4kuva 1<\/figcaption><\/figure>\n\n\n\n<figure class=\"wp-block-image aligncenter size-full is-style-default\"><img loading=\"lazy\" decoding=\"async\" width=\"800\" height=\"533\" src=\"data:image\/gif;base64,R0lGODlhAQABAAAAACH5BAEKAAEALAAAAAABAAEAAAICTAEAOw==\" alt=\"\" class=\"wp-image-5901 lazyload\" sizes=\"auto, (max-width: 800px) 100vw, 800px\" data-src=\"https:\/\/kanerva.eu\/fi\/wp-content\/uploads\/IMG_0273-800.jpg\" data-srcset=\"https:\/\/kanerva.eu\/fi\/wp-content\/uploads\/IMG_0273-800.jpg 800w, https:\/\/kanerva.eu\/fi\/wp-content\/uploads\/IMG_0273-800-300x200.jpg 300w, https:\/\/kanerva.eu\/fi\/wp-content\/uploads\/IMG_0273-800-768x512.jpg 768w, https:\/\/kanerva.eu\/fi\/wp-content\/uploads\/IMG_0273-800-391x260.jpg 391w\"><figcaption class=\"wp-element-caption\">Ryhm\u00e4kuva 2<\/figcaption><\/figure>\n","protected":false},"excerpt":{"rendered":"<p>Espoossa oli valtuustosalissa Espoon perussuomalaisten j\u00e4sentapaaminen, Perusilta klo 13-19. Tapahtumassa k\u00e4ytiin lapi viimeaikaisia kuulumisia ja kehityst\u00e4. Paikalla oli piirist\u00e4 edustajat, Kansanedustaja Arja Juvonen, kansanedustaja Leena Meri puolueen ensimm\u00e4inen varapuheenjohtaja, joka on my\u00f6s eduskunnan lakivaliokunnan puheenjohtaja sek\u00e4 valtakunnanoikeuden j\u00e4sen vuosille 2020\u20132023 ja suuri osa valtuustoryhm\u00e4\u00e4 ja j\u00e4seni\u00e4. Paikalla oli parhaimmaillaan noin 50 henke\u00e4. Ryhm\u00e4ty\u00f6ss\u00e4 pyydettiiin kehitysideoita ja [&hellip;]<\/p>\n","protected":false},"author":1,"featured_media":5900,"comment_status":"closed","ping_status":"closed","sticky":false,"template":"","format":"standard","meta":{"_uag_custom_page_level_css":"","_crdt_document":"","site-sidebar-layout":"default","site-content-layout":"default","ast-site-content-layout":"default","site-content-style":"default","site-sidebar-style":"default","ast-global-header-display":"","ast-banner-title-visibility":"","ast-main-header-display":"","ast-hfb-above-header-display":"","ast-hfb-below-header-display":"","ast-hfb-mobile-header-display":"","site-post-title":"","ast-breadcrumbs-content":"","ast-featured-img":"","footer-sml-layout":"","ast-disable-related-posts":"","theme-transparent-header-meta":"default","adv-header-id-meta":"","stick-header-meta":"default","header-above-stick-meta":"","header-main-stick-meta":"","header-below-stick-meta":"","astra-migrate-meta-layouts":"default","ast-page-background-enabled":"default","ast-page-background-meta":{"desktop":{"background-color":"","background-image":"","background-repeat":"repeat","background-position":"center center","background-size":"auto","background-attachment":"scroll","background-type":"","background-media":"","overlay-type":"","overlay-color":"","overlay-opacity":"","overlay-gradient":""},"tablet":{"background-color":"","background-image":"","background-repeat":"repeat","background-position":"center center","background-size":"auto","background-attachment":"scroll","background-type":"","background-media":"","overlay-type":"","overlay-color":"","overlay-opacity":"","overlay-gradient":""},"mobile":{"background-color":"","background-image":"","background-repeat":"repeat","background-position":"center center","background-size":"auto","background-attachment":"scroll","background-type":"","background-media":"","overlay-type":"","overlay-color":"","overlay-opacity":"","overlay-gradient":""}},"ast-content-background-meta":{"desktop":{"background-color":"var(--ast-global-color-5)","background-image":"","background-repeat":"repeat","background-position":"center center","background-size":"auto","background-attachment":"scroll","background-type":"","background-media":"","overlay-type":"","overlay-color":"","overlay-opacity":"","overlay-gradient":""},"tablet":{"background-color":"var(--ast-global-color-5)","background-image":"","background-repeat":"repeat","background-position":"center center","background-size":"auto","background-attachment":"scroll","background-type":"","background-media":"","overlay-type":"","overlay-color":"","overlay-opacity":"","overlay-gradient":""},"mobile":{"background-color":"var(--ast-global-color-5)","background-image":"","background-repeat":"repeat","background-position":"center center","background-size":"auto","background-attachment":"scroll","background-type":"","background-media":"","overlay-type":"","overlay-color":"","overlay-opacity":"","overlay-gradient":""}},"footnotes":""},"categories":[120,118],"tags":[200,210],"class_list":["post-5899","post","type-post","status-publish","format-standard","has-post-thumbnail","hentry","category-blogi","category-uutiset","tag-espoon-perussuomalaiset","tag-perusilta"],"uagb_featured_image_src":{"full":["https:\/\/kanerva.eu\/fi\/wp-content\/uploads\/IMG_0266-800.jpg",800,533,false],"thumbnail":["https:\/\/kanerva.eu\/fi\/wp-content\/uploads\/IMG_0266-800-150x267.jpg",150,267,true],"medium":["https:\/\/kanerva.eu\/fi\/wp-content\/uploads\/IMG_0266-800-300x200.jpg",300,200,true],"medium_large":["https:\/\/kanerva.eu\/fi\/wp-content\/uploads\/IMG_0266-800-768x512.jpg",768,512,true],"large":["https:\/\/kanerva.eu\/fi\/wp-content\/uploads\/IMG_0266-800.jpg",800,533,false],"thumblist":["https:\/\/kanerva.eu\/fi\/wp-content\/uploads\/IMG_0266-800-300x300.jpg",300,300,true],"thumbrelated":["https:\/\/kanerva.eu\/fi\/wp-content\/uploads\/IMG_0266-800.jpg",500,333,false],"meccarouselthumb":["https:\/\/kanerva.eu\/fi\/wp-content\/uploads\/IMG_0266-800-474x324.jpg",474,324,true],"gridsquare":["https:\/\/kanerva.eu\/fi\/wp-content\/uploads\/IMG_0266-800-391x260.jpg",391,260,true],"tileview":["https:\/\/kanerva.eu\/fi\/wp-content\/uploads\/IMG_0266-800-300x400.jpg",300,400,true],"1536x1536":["https:\/\/kanerva.eu\/fi\/wp-content\/uploads\/IMG_0266-800.jpg",800,533,false],"2048x2048":["https:\/\/kanerva.eu\/fi\/wp-content\/uploads\/IMG_0266-800.jpg",800,533,false]},"uagb_author_info":{"display_name":"Kanerva Jarmo","author_link":"https:\/\/kanerva.eu\/fi\/author\/admin\/"},"uagb_comment_info":0,"uagb_excerpt":"Espoossa oli valtuustosalissa Espoon perussuomalaisten j\u00e4sentapaaminen, Perusilta klo 13-19. Tapahtumassa k\u00e4ytiin lapi viimeaikaisia kuulumisia ja kehityst\u00e4. Paikalla oli piirist\u00e4 edustajat, Kansanedustaja Arja Juvonen, kansanedustaja Leena Meri puolueen ensimm\u00e4inen varapuheenjohtaja, joka on my\u00f6s eduskunnan lakivaliokunnan puheenjohtaja sek\u00e4 valtakunnanoikeuden j\u00e4sen vuosille 2020\u20132023 ja suuri osa valtuustoryhm\u00e4\u00e4 ja j\u00e4seni\u00e4. Paikalla oli parhaimmaillaan noin 50 henke\u00e4. Ryhm\u00e4ty\u00f6ss\u00e4 pyydettiiin kehitysideoita&hellip;","_links":{"self":[{"href":"https:\/\/kanerva.eu\/fi\/wp-json\/wp\/v2\/posts\/5899","targetHints":{"allow":["GET"]}}],"collection":[{"href":"https:\/\/kanerva.eu\/fi\/wp-json\/wp\/v2\/posts"}],"about":[{"href":"https:\/\/kanerva.eu\/fi\/wp-json\/wp\/v2\/types\/post"}],"author":[{"embeddable":true,"href":"https:\/\/kanerva.eu\/fi\/wp-json\/wp\/v2\/users\/1"}],"replies":[{"embeddable":true,"href":"https:\/\/kanerva.eu\/fi\/wp-json\/wp\/v2\/comments?post=5899"}],"version-history":[{"count":2,"href":"https:\/\/kanerva.eu\/fi\/wp-json\/wp\/v2\/posts\/5899\/revisions"}],"predecessor-version":[{"id":8572,"href":"https:\/\/kanerva.eu\/fi\/wp-json\/wp\/v2\/posts\/5899\/revisions\/8572"}],"wp:featuredmedia":[{"embeddable":true,"href":"https:\/\/kanerva.eu\/fi\/wp-json\/wp\/v2\/media\/5900"}],"wp:attachment":[{"href":"https:\/\/kanerva.eu\/fi\/wp-json\/wp\/v2\/media?parent=5899"}],"wp:term":[{"taxonomy":"category","embeddable":true,"href":"https:\/\/kanerva.eu\/fi\/wp-json\/wp\/v2\/categories?post=5899"},{"taxonomy":"post_tag","embeddable":true,"href":"https:\/\/kanerva.eu\/fi\/wp-json\/wp\/v2\/tags?post=5899"}],"curies":[{"name":"wp","href":"https:\/\/api.w.org\/{rel}","templated":true}]}}