{"id":3456,"date":"2021-02-06T12:47:27","date_gmt":"2021-02-06T10:47:27","guid":{"rendered":"https:\/\/kanerva.eu\/fi\/?p=3456"},"modified":"2024-07-05T14:06:41","modified_gmt":"2024-07-05T11:06:41","slug":"espoon-kasvu-kaavoitus-ja-vaestomuutos","status":"publish","type":"post","link":"https:\/\/kanerva.eu\/fi\/3456\/espoon-kasvu-kaavoitus-ja-vaestomuutos\/","title":{"rendered":"Espoon kasvu, kaavoitus ja v\u00e4est\u00f6muutos"},"content":{"rendered":"\n<p class=\"wp-block-paragraph\">Miten Espoonkin kasvu, kaavoitus ja v\u00e4est\u00f6nmuutosprojekti toimii ja mit\u00e4 ymp\u00e4rist\u00f6lle on tapahtunut? Kunnissa voitaisiin toimia fiksusti asiassa, mutta nyt menn\u00e4\u00e4n virran mukana.<br><br>Keskustelin vuokra-asuntojen kaavoituksesta ja suunnittelusta ja kunnan asuntojen jonotuksesta ja kenelle annetaan ne ensin eri puolueiden edustajien kanssa vapaalla. Vastauksena oli ymp\u00e4ripy\u00f6re\u00e4t\u00e4, ett\u00e4 kun ylemp\u00e4\u00e4 on asiaa ohjattu, eik\u00e4 itse voi tehd\u00e4 mit\u00e4\u00e4n. Eli oppotukki-menetelm\u00e4ll\u00e4 ollaan menty Espoossa ja ja asioita vain tapahtuu. Puolueet voivat vaikuttaa. Nyt rakennettu poliittisen sadun mukaan metron varjolla korkeita kerrostaloja ja tiivist\u00e4 kaupunkirakennetta, kasvua, &#8217;omistusasuntoja&#8217; vuokraustoimintaan sijoittajille. Ilmaston ja hyv\u00e4n syyll\u00e4. Toiminta nostaa palveluiden kysynt\u00e4\u00e4, tuettavien m\u00e4\u00e4r\u00e4\u00e4, joukkoliikenteen tukia ja rahan menoja. Kasvu ei ole nostanut verotuloja vastaavasti. Ja se n\u00e4kyy julkisissa budjeteissa ja tilinp\u00e4\u00e4t\u00f6ksiss\u00e4 ja talouskriisin\u00e4 kunnassa. Samaan aikaan on ilmi\u00f6, ett\u00e4 veroja maksavia, ty\u00f6ss\u00e4 k\u00e4yvi\u00e4 l\u00e4htee tiivist\u00e4 kaupunkirakennetta ja autovihamielisyytt\u00e4 pakoon ja hakee haluttavampia asuntoja jo muualta.<br><br>Espoon ilme ja&nbsp; ymp\u00e4rist\u00f6 on muuttunut vihre\u00e4st\u00e4 ja valoisesta betoniseksi ja varjoisaksi lyhyess\u00e4 ajassa. Uusia v\u00e4yli\u00e4 ja raiteita vedet\u00e4\u00e4n rinnakkain viheralueiden yli.&nbsp; Garden City ja aurinko ovat muisto vain. Rahatkin ja hyvinvointi ovat muisto vain kun valtio jakaa ja k\u00e4ytt\u00e4\u00e4 surutta miljardeja. Hyvyydell\u00e4 jaetusta miljardista n 7-10% tulee Espoosta v\u00e4kiluvun ja verojen takia. <br><br>Asiasta ja Espoon taloudesta toinen <a aria-label=\"blogi. (opens in a new tab)\" href=\"https:\/\/kanerva.eu\/fi\/2967\/\" target=\"_blank\" rel=\"noreferrer noopener\" class=\"ek-link\">blogi.<\/a><br><br>Artikkeli lehdess\u00e4 asiasta:<br><a aria-label=\"https:\/\/www.helsinginuutiset.fi\/paakirjoitus-mielipide\/3548050 (opens in a new tab)\" href=\"https:\/\/www.helsinginuutiset.fi\/paakirjoitus-mielipide\/3548050\" target=\"_blank\" rel=\"noreferrer noopener\" class=\"ek-link\">https:\/\/www.helsinginuutiset.fi\/paakirjoitus-mielipide\/3548050<\/a><\/p>\n\n\n\n<figure class=\"wp-block-image size-large\"><img loading=\"lazy\" decoding=\"async\" width=\"512\" height=\"512\" src=\"data:image\/gif;base64,R0lGODlhAQABAAAAACH5BAEKAAEALAAAAAABAAEAAAICTAEAOw==\" alt=\"\" class=\"wp-image-3187 lazyload\" sizes=\"auto, (max-width: 512px) 100vw, 512px\" data-src=\"https:\/\/kanerva.eu\/fi\/wp-content\/uploads\/2020\/12\/Espoo-kopteri-SH002B-512.jpg\" data-srcset=\"https:\/\/kanerva.eu\/fi\/wp-content\/uploads\/2020\/12\/Espoo-kopteri-SH002B-512.jpg 512w, https:\/\/kanerva.eu\/fi\/wp-content\/uploads\/2020\/12\/Espoo-kopteri-SH002B-512-300x300.jpg 300w, https:\/\/kanerva.eu\/fi\/wp-content\/uploads\/2020\/12\/Espoo-kopteri-SH002B-512-200x200.jpg 200w, https:\/\/kanerva.eu\/fi\/wp-content\/uploads\/2020\/12\/Espoo-kopteri-SH002B-512-90x90.jpg 90w, https:\/\/kanerva.eu\/fi\/wp-content\/uploads\/2020\/12\/Espoo-kopteri-SH002B-512-75x75.jpg 75w, https:\/\/kanerva.eu\/fi\/wp-content\/uploads\/2020\/12\/Espoo-kopteri-SH002B-512-350x350.jpg 350w, https:\/\/kanerva.eu\/fi\/wp-content\/uploads\/2020\/12\/Espoo-kopteri-SH002B-512-150x150.jpg 150w, https:\/\/kanerva.eu\/fi\/wp-content\/uploads\/2020\/12\/Espoo-kopteri-SH002B-512-225x225.jpg 225w\"><\/figure>\n","protected":false},"excerpt":{"rendered":"<p>Miten Espoonkin kasvu, kaavoitus ja v\u00e4est\u00f6nmuutosprojekti toimii ja mit\u00e4 ymp\u00e4rist\u00f6lle on tapahtunut? Kunnissa voitaisiin toimia fiksusti asiassa, mutta nyt menn\u00e4\u00e4n virran mukana. Keskustelin vuokra-asuntojen kaavoituksesta ja suunnittelusta ja kunnan asuntojen jonotuksesta ja kenelle annetaan ne ensin eri puolueiden edustajien kanssa vapaalla. Vastauksena oli ymp\u00e4ripy\u00f6re\u00e4t\u00e4, ett\u00e4 kun ylemp\u00e4\u00e4 on asiaa ohjattu, eik\u00e4 itse voi tehd\u00e4 mit\u00e4\u00e4n. Eli [&hellip;]<\/p>\n","protected":false},"author":1,"featured_media":3187,"comment_status":"closed","ping_status":"closed","sticky":false,"template":"","format":"standard","meta":{"_uag_custom_page_level_css":"","_crdt_document":"","site-sidebar-layout":"default","site-content-layout":"default","ast-site-content-layout":"default","site-content-style":"default","site-sidebar-style":"default","ast-global-header-display":"","ast-banner-title-visibility":"","ast-main-header-display":"","ast-hfb-above-header-display":"","ast-hfb-below-header-display":"","ast-hfb-mobile-header-display":"","site-post-title":"","ast-breadcrumbs-content":"","ast-featured-img":"","footer-sml-layout":"","ast-disable-related-posts":"","theme-transparent-header-meta":"default","adv-header-id-meta":"","stick-header-meta":"default","header-above-stick-meta":"","header-main-stick-meta":"","header-below-stick-meta":"","astra-migrate-meta-layouts":"default","ast-page-background-enabled":"default","ast-page-background-meta":{"desktop":{"background-color":"","background-image":"","background-repeat":"repeat","background-position":"center center","background-size":"auto","background-attachment":"scroll","background-type":"","background-media":"","overlay-type":"","overlay-color":"","overlay-opacity":"","overlay-gradient":""},"tablet":{"background-color":"","background-image":"","background-repeat":"repeat","background-position":"center center","background-size":"auto","background-attachment":"scroll","background-type":"","background-media":"","overlay-type":"","overlay-color":"","overlay-opacity":"","overlay-gradient":""},"mobile":{"background-color":"","background-image":"","background-repeat":"repeat","background-position":"center center","background-size":"auto","background-attachment":"scroll","background-type":"","background-media":"","overlay-type":"","overlay-color":"","overlay-opacity":"","overlay-gradient":""}},"ast-content-background-meta":{"desktop":{"background-color":"var(--ast-global-color-5)","background-image":"","background-repeat":"repeat","background-position":"center center","background-size":"auto","background-attachment":"scroll","background-type":"","background-media":"","overlay-type":"","overlay-color":"","overlay-opacity":"","overlay-gradient":""},"tablet":{"background-color":"var(--ast-global-color-5)","background-image":"","background-repeat":"repeat","background-position":"center center","background-size":"auto","background-attachment":"scroll","background-type":"","background-media":"","overlay-type":"","overlay-color":"","overlay-opacity":"","overlay-gradient":""},"mobile":{"background-color":"var(--ast-global-color-5)","background-image":"","background-repeat":"repeat","background-position":"center center","background-size":"auto","background-attachment":"scroll","background-type":"","background-media":"","overlay-type":"","overlay-color":"","overlay-opacity":"","overlay-gradient":""}},"footnotes":""},"categories":[119,120,51],"tags":[195,197,348,347],"class_list":["post-3456","post","type-post","status-publish","format-standard","has-post-thumbnail","hentry","category-blogi-etusivu","category-blogi","category-espoo","tag-espoo","tag-kaavoitus","tag-kasvu","tag-vaestomuutos"],"uagb_featured_image_src":{"full":["https:\/\/kanerva.eu\/fi\/wp-content\/uploads\/2020\/12\/Espoo-kopteri-SH002B-512.jpg",512,512,false],"thumbnail":["https:\/\/kanerva.eu\/fi\/wp-content\/uploads\/2020\/12\/Espoo-kopteri-SH002B-512-150x267.jpg",150,267,true],"medium":["https:\/\/kanerva.eu\/fi\/wp-content\/uploads\/2020\/12\/Espoo-kopteri-SH002B-512-300x300.jpg",300,300,true],"medium_large":["https:\/\/kanerva.eu\/fi\/wp-content\/uploads\/2020\/12\/Espoo-kopteri-SH002B-512.jpg",512,512,false],"large":["https:\/\/kanerva.eu\/fi\/wp-content\/uploads\/2020\/12\/Espoo-kopteri-SH002B-512.jpg",512,512,false],"thumblist":["https:\/\/kanerva.eu\/fi\/wp-content\/uploads\/2020\/12\/Espoo-kopteri-SH002B-512-300x300.jpg",300,300,true],"thumbrelated":["https:\/\/kanerva.eu\/fi\/wp-content\/uploads\/2020\/12\/Espoo-kopteri-SH002B-512.jpg",500,500,false],"meccarouselthumb":["https:\/\/kanerva.eu\/fi\/wp-content\/uploads\/2020\/12\/Espoo-kopteri-SH002B-512-474x324.jpg",474,324,true],"gridsquare":["https:\/\/kanerva.eu\/fi\/wp-content\/uploads\/2020\/12\/Espoo-kopteri-SH002B-512-391x260.jpg",391,260,true],"tileview":["https:\/\/kanerva.eu\/fi\/wp-content\/uploads\/2020\/12\/Espoo-kopteri-SH002B-512-300x400.jpg",300,400,true],"1536x1536":["https:\/\/kanerva.eu\/fi\/wp-content\/uploads\/2020\/12\/Espoo-kopteri-SH002B-512.jpg",512,512,false],"2048x2048":["https:\/\/kanerva.eu\/fi\/wp-content\/uploads\/2020\/12\/Espoo-kopteri-SH002B-512.jpg",512,512,false]},"uagb_author_info":{"display_name":"Kanerva Jarmo","author_link":"https:\/\/kanerva.eu\/fi\/author\/admin\/"},"uagb_comment_info":0,"uagb_excerpt":"Miten Espoonkin kasvu, kaavoitus ja v\u00e4est\u00f6nmuutosprojekti toimii ja mit\u00e4 ymp\u00e4rist\u00f6lle on tapahtunut? Kunnissa voitaisiin toimia fiksusti asiassa, mutta nyt menn\u00e4\u00e4n virran mukana. Keskustelin vuokra-asuntojen kaavoituksesta ja suunnittelusta ja kunnan asuntojen jonotuksesta ja kenelle annetaan ne ensin eri puolueiden edustajien kanssa vapaalla. Vastauksena oli ymp\u00e4ripy\u00f6re\u00e4t\u00e4, ett\u00e4 kun ylemp\u00e4\u00e4 on asiaa ohjattu, eik\u00e4 itse voi tehd\u00e4 mit\u00e4\u00e4n.&hellip;","_links":{"self":[{"href":"https:\/\/kanerva.eu\/fi\/wp-json\/wp\/v2\/posts\/3456","targetHints":{"allow":["GET"]}}],"collection":[{"href":"https:\/\/kanerva.eu\/fi\/wp-json\/wp\/v2\/posts"}],"about":[{"href":"https:\/\/kanerva.eu\/fi\/wp-json\/wp\/v2\/types\/post"}],"author":[{"embeddable":true,"href":"https:\/\/kanerva.eu\/fi\/wp-json\/wp\/v2\/users\/1"}],"replies":[{"embeddable":true,"href":"https:\/\/kanerva.eu\/fi\/wp-json\/wp\/v2\/comments?post=3456"}],"version-history":[{"count":1,"href":"https:\/\/kanerva.eu\/fi\/wp-json\/wp\/v2\/posts\/3456\/revisions"}],"predecessor-version":[{"id":8520,"href":"https:\/\/kanerva.eu\/fi\/wp-json\/wp\/v2\/posts\/3456\/revisions\/8520"}],"wp:featuredmedia":[{"embeddable":true,"href":"https:\/\/kanerva.eu\/fi\/wp-json\/wp\/v2\/media\/3187"}],"wp:attachment":[{"href":"https:\/\/kanerva.eu\/fi\/wp-json\/wp\/v2\/media?parent=3456"}],"wp:term":[{"taxonomy":"category","embeddable":true,"href":"https:\/\/kanerva.eu\/fi\/wp-json\/wp\/v2\/categories?post=3456"},{"taxonomy":"post_tag","embeddable":true,"href":"https:\/\/kanerva.eu\/fi\/wp-json\/wp\/v2\/tags?post=3456"}],"curies":[{"name":"wp","href":"https:\/\/api.w.org\/{rel}","templated":true}]}}