{"id":2379,"date":"2019-12-16T08:04:14","date_gmt":"2019-12-16T06:04:14","guid":{"rendered":"https:\/\/kanerva.eu\/fi\/?p=2379"},"modified":"2024-07-05T14:07:00","modified_gmt":"2024-07-05T11:07:00","slug":"al-hol-hallitus-uskottavuus","status":"publish","type":"post","link":"https:\/\/kanerva.eu\/fi\/2379\/al-hol-hallitus-uskottavuus\/","title":{"rendered":"Al-hol -Hallitus -Uskottavuus"},"content":{"rendered":"\n<p class=\"wp-block-paragraph\">SPEKULAATIO<br>Ei ole poissuljettu, ett\u00e4 tarkoitus oli ja on tuoda ne miehetkin ja  taistelijat. Salaiset vuodotkin voivat peitell\u00e4 jotain isompaa.<\/p>\n\n\n\n<p class=\"wp-block-paragraph\">JUONIMISTA JA SALAILUA <br>Vihre\u00e4t juoni asioita isosti ja salaili ja EUnkin kanssa ja t\u00e4m\u00e4n suuntaisia  ajatuksia oli julkisuudessa  ym. Suomi on harvoja valtioita,  jossa on heikko antiterrorismilaki. N\u00e4ytt\u00f6ohjelmat ja pelk\u00e4st\u00e4  kuulumisesta ei voi syytell\u00e4 tai vied\u00e4 turvapaikalla saatua  kaksoiskansalaisuuttakaan. Ecfr vaati vierastaistelijoiden tuomista EU:n, allekirjoitus  Erkki Tuomioja(sdp, ulkovaliok vpj) <br><br> <a rel=\"noreferrer noopener\" aria-label=\"https:\/\/www.ecfr.eu\/article\/commentary_open_letter_a_managed_return_of_isis_foreign_fighters (opens in a new tab)\" href=\"https:\/\/www.ecfr.eu\/article\/commentary_open_letter_a_managed_return_of_isis_foreign_fighters\" target=\"_blank\">https:\/\/www.ecfr.eu\/article\/commentary_open_letter_a_managed_return_of_isis_foreign_fighters<\/a> <br><br>Ja  perusteluna on ollut mmm. heikot vankilat, joista ne  tulee kuitenkin. Ja v\u00e4est\u00f6muutokseen tarvitaan ihmisi\u00e4 lis\u00e4\u00e4. Ja EUn samanlaiset projektit. Salaiset vuodot ja  savuverhot on my\u00f6s juonittelua, josta ei kysyt\u00e4 pit\u00e4\u00e4k\u00f6 paikkaansa. Ja  voivat peitell\u00e4 muuta, kuten n\u00e4ytt\u00e4\u00e4. <br>Suomeen kaikki halukkaat Syyriasta <a rel=\"noreferrer noopener\" href=\"https:\/\/yle.fi\/uutiset\/3-11112795\" target=\"_blank\">https:\/\/yle.fi\/uutiset\/3-11112795<\/a> <\/p>\n\n\n\n<p class=\"wp-block-paragraph\">SYYRIAN AL-ASSAD AIKOO TUOMITA<br>Syyrian presidentti Bashar al-Assad kertoi 28.11.2019 ranskalaisen Paris Match -lehden haastattelussa, ett\u00e4 Syyria hoitaa ISIS-vierastaistelijat terroristeina oikeuden eteen. T\u00e4st\u00e4 luultavasti kiire. Kuolemantuomioita on ollut.. Englanniksi k\u00e4\u00e4nnetty artikkeli.<br> <a rel=\"noreferrer noopener\" aria-label=\"https:\/\/sana.sy\/en\/?p=17939 (opens in a new tab)\" href=\"https:\/\/sana.sy\/en\/?p=17939\" target=\"_blank\">https:\/\/sana.sy\/en\/?p=17939<\/a> <\/p>\n\n\n\n<p class=\"wp-block-paragraph\">MOTIIVI PELASTAA <br> Yll\u00e4 motiivi tuoda kaikki, salata kaikki- (Tuomioja(sdp)+ ulkovaliokuntavpj) oli jo allekirjoittanut ECFRn vaateen. 28.11. Assad kertoo tuomitsevansa ulkoman terroristit. n. 11.12 ollaan lenn\u00e4tt\u00e4m\u00e4ss\u00e4 koko koneellinen salaa Suomeen lentokent\u00e4n tietojen mukaan. Koneen peruutuskin varmaan maksaa.&nbsp; Motiivi salata, koska mukana haalukkaat, tuomittavia, taistelijoita ? Salauksen motiivia on ihmetelty. Kurdit on my\u00f6s halunneet p\u00e4\u00e4st\u00e4 vangeita eroon, joten mielell\u00e4\u00e4n luovuttaa. Tuli kiire. 15.12.2019 HS l\u00f6ysi leirilta 6 halukasta tulijaa.   <\/p>\n\n\n\n<p class=\"wp-block-paragraph\">V\u00c4LIKYSYMYS- HALLITUKSEN ARVOT JA TOIMINTATAPA<br>Oppositio on j\u00e4tt\u00e4nyt toimintatavasta v\u00e4likysymyksen ja hekee eduskunnan luottamuslausetta.  Hakiko kaatunut hallitus ja j\u00e4senet  oppinsa ja arvopohjansa sota-ajan toimintatavoista ja diktatoinnista? Jotka olivat poikkeustilanteessa. Ei sellaiset sovi rauhanajan Suomeen ja demokratiaan. Parlamenttarismi ohitettiin ja asoita hoidettiin pienen ryhm\u00e4n mielivallalla ja p\u00e4\u00e4t\u00f6ksill\u00e4. Asioita salattiin ja saatettiin antaa v\u00e4\u00e4r\u00e4\u00e4kin tietoa harhautuksena.<br> &#8221;\u2026Sodan aikana p\u00e4\u00e4t\u00f6ksenteko keskittyi hyvin pienelle sotakabinetille,  johon kuuluivat presidentti, ylip\u00e4\u00e4llikk\u00f6 ja hallituksen  avainministerit. Valtiop\u00e4iv\u00e4j\u00e4rjestyksen mukaan hallituksen olisi  pit\u00e4nyt informoida erityisen hyvin eduskunnan ulkoasiainvaliokuntaa.&#8221;<br> <a rel=\"noreferrer noopener\" aria-label=\"https:\/\/www.eduskunta.fi\/FI\/tietoaeduskunnasta\/kirjasto\/aineistot\/yhteiskunta\/historia\/eduskunnan-toiminta-sota-aikana\/Sivut\/toimeenpanovalta-vs-lainsaadantovalta.aspx (opens in a new tab)\" href=\"https:\/\/www.eduskunta.fi\/FI\/tietoaeduskunnasta\/kirjasto\/aineistot\/yhteiskunta\/historia\/eduskunnan-toiminta-sota-aikana\/Sivut\/toimeenpanovalta-vs-lainsaadantovalta.aspx\" target=\"_blank\">https:\/\/www.eduskunta.fi\/FI\/tietoaeduskunnasta\/kirjasto\/aineistot\/yhteiskunta\/historia\/eduskunnan-toiminta-sota-aikana\/Sivut\/toimeenpanovalta-vs-lainsaadantovalta.aspx<\/a><\/p>\n\n\n\n<p class=\"wp-block-paragraph\">MITEN ASIOITA HOIDETTIIN<br>Julkisesti on kritisoitu. Oma mielipiteeni on, ett\u00e4 hirve\u00e4\u00e4 s\u00e4hl\u00e4yst\u00e4 ja arroganssia, ylimielisyytt\u00e4 ja juonimista ja salailua. Salaus ulkoasianvaltuuskunnalta ja ilmeisesti presidentilt\u00e4, jotka kuuluu ulkopolitiikaan ja johtoon. Suomessa olisi ollut mahdollisuus tehd\u00e4 poliittinen ratkaisu jos olisi toimittu rehellisesti ja suorasel\u00e4k\u00e4isesti. S\u00f6ssittiin. Orpolapset ja vanhempien vapaaehtoisesti luovuttamat lapset olisi voitu tuoda jo Suomeen jos olisi sovittu normaalisti. Sit\u00e4 ei puolueet vastustaneet. Miksei tuotu? Asiaa haluttiin laajentaa muihinkin, jotka olisi voitu k\u00e4sitell\u00e4 erikseen, kun asia on hankala. Muut maat toi jo  orpoja kes\u00e4ll\u00e4 2019. Viel\u00e4 on kysymys, mitk\u00e4 lapset on  lapset tosiasiallisesti suomalaisia ja Suomen rekisteriss\u00e4? Osa on syntynyt Kalifaatissa, Irakissa ja Syyriassa ja vanhemmilla on eri kansalaisuuksia. Ihan kaikkia ei viranomaiset voi kaapata.<br><br>VUOTOA<br>Jatkoa on, ett\u00e4 Haaviston ohje miten vastata kysymyksiin vuotettiin. Ohjeita p\u00e4\u00e4ministerillekin. Olikohan sekin juonimista ja tarkoitus peitell\u00e4 totuutta. Kukaan ei kysy salaisesta paperista l\u00e4hteit\u00e4 ja onko totta.  Miksi t\u00e4llainen ohjeistus pit\u00e4\u00e4 olla jos kaikki tiesiv\u00e4t tehneens\u00e4  p\u00e4\u00e4t\u00f6ksi\u00e4? = lis\u00e4evidenssi. Ymp\u00e4ripy\u00f6re\u00e4sti ja faktoja kertomatta, ettei  ulkoministeri tai muut j\u00e4\u00e4 kiinni tai huonoon valoon.. Ongelmana on  useita faktoja: Ettei iltakoulussa 30.10 . ole tehty p\u00e4\u00e4t\u00f6st\u00e4 tai ole  k\u00e4sitett\u00e4 &#8217;hiljainen p\u00e4\u00e4t\u00f6s&#8217; ( =itse ajattelin eik\u00e4 muut viitsineet  p\u00e4\u00e4tt\u00e4\u00e4 asiasta) tuoda ket\u00e4\u00e4n vaan  kuulemma on sovittu ett\u00e4 palataan asiaan. Oikeuskansleri ei tehnyt  p\u00e4\u00e4t\u00f6st\u00e4, ja v\u00e4itettiin tehneen.  Presidenttikin kommentoi, ett\u00e4 asia oli  sekava tai ei tiennyt. jne. On itse annettu harhauttavaa,  disinformaatiota tai salattu,mm. valiokunnalta, nyt ohjeissakin. Faktat  puhuvat annettuja haastatteluita vastaan. Haaviston ohjeistetut vastaukset, jotka vuoti:<br><a rel=\"noreferrer noopener\" aria-label=\" (opens in a new tab)\" href=\"https:\/\/www.is.fi\/kotimaa\/art-2000006343358.html\" target=\"_blank\">https:\/\/www.is.fi\/kotimaa\/art-2000006343358.html<\/a><br><br>SEKOILUA <br>Kuviteltiin, ett\u00e4 kun itse ajateltiin oli &#8217;hiljainen hyv\u00e4ksynt\u00e4&#8217;.   Kuviteltiin, ett\u00e4 muutkin ajattelee kuten itse. Ja voidaan  taivutella m\u00e4\u00e4r\u00e4yksi\u00e4, tulkita ja toimia. Ehk\u00e4 on totuttu omissa piireiss\u00e4 t\u00e4llaiseen tapaan. T\u00e4st\u00e4 on erillinen case kun UM virkamiest\u00e4  ep\u00e4iltiin uhkailtavan ministeritasolta tekem\u00e4\u00e4n ilmeisesti laittomiksi tuntemiaan asioita ja jo siirrettin muihin teht\u00e4viin, mik\u00e4 on todistus. Sis\u00e4ministeri\u00f6ss\u00e4 ( vihr) tunnettiin asia, oli salaisia sopimisia ryhm\u00e4ll\u00e4, joita ei hallitus tuntenut ja ollut p\u00e4\u00e4tt\u00e4nyt Kulmuni (kesk) ym.,  kuten on osoitettu ulostuloissa. Vuodoista, asioista jota ei ole -ainakaan ty\u00f6n alla,  on tehty kuulemma rikosilmoituksia. Mik\u00e4 on evidenssi. Ja on muitakin vahvistuksia. Tosiaasiat sopivat yhteen loogiseen tarinaan ja se eroa toiseen kerrottuun. Nyt hallitus on vaarassa kaatua 6 l\u00f6ydetyn suomalaisen takia.<br><br>Onko t\u00e4ss\u00e4 rikottu ammattitaitovaatimuksia, ett\u00e4 ulkoministerin pit\u00e4\u00e4 pysty\u00e4 valehtelemaan tai salaamaan j\u00e4\u00e4m\u00e4tt\u00e4 kiinni? Puhua niin totta kuin pystyy? Tosin johdolle pit\u00e4\u00e4 puhua totta. T\u00e4m\u00e4 poliittisena n\u00e4k\u00f6pulmana ja v\u00e4h\u00e4n sarkasmina. <br><br> Joskus on vaikea ajatella eri tavalla, miten  mm. Vihre\u00e4t toimii ja oli   saatu ajattelemaan asiat. Mutta kuka oikein tekee sen  viher-vasemmiston  ja mediankin muotiajattelun ja mik\u00e4 on motiivi, raha  ja edut ja kuka saa  hy\u00f6dyn? Se on ihmett\u00e4nyt minua. Raha on usein motiivi. Kehitysapurahat? Avustukset ja tuet toimintaan? Palkat?<\/p>\n\n\n\n<p class=\"wp-block-paragraph\">MARININ MINISTERIT &#8211;  SANNAN SOTURIT <br>Nykyhallituspohja on kuin poliittista draamaa. Salamat ja v\u00e4likysymykset iskev\u00e4t kuin miljoona volttia. Hallitus kaatuu ja samat jatkavat. Rinteen ja Sannan Soturit jatkavat kohti uusia seikkailuja. Kuka on saikulla, kuka on raskaana, kaatuuko hallitus, vaihdetaanko miehist\u00f6\u00e4, n\u00e4ytt\u00e4\u00e4 seuraavat jaksot. Jatkossa tie tulevaisuuteen on kivetty viher-vasemmistolaisilla, monikultturi- ja ilmastonsuojelu aikomuksilla ja p\u00e4\u00e4t\u00f6ksill\u00e4. <br><br>EIK\u00c4 T\u00c4SS\u00c4 VIEL\u00c4 KAIKKI<br>Saadaan uudenlainen hallitus jos eduskunta muuttuu. Jos romahtaneesta Keskustasta tai SDP.st\u00e4 poistuu ihmisi\u00e4, voimasuhteet voi menn\u00e4 opposition puolelle. Samoin Oppositio voittaa vaalit gallupien mukaan mennen tullen ja p\u00e4\u00e4ministeri on Perussuomalaisista. SIksi hallituspuolueet yritt\u00e4\u00e4 pysy\u00e4 vallassa kaikin keinoin. Kannattaisi alkaa hoitamaan Suomenkin asioita hyvin.<br><br>UPDATE<br>16.12.2019  Al-Holiin ei l\u00f6ydy ilmeisesti yhteist\u00e4 linjaa hallitukselta. Ei pystytty sopimaan. Tosin, t\u00e4m\u00e4 piti olla jo &#8217;hiljaisesti&#8217; sovittu. Menee taas yksi v\u00e4ite nurin.<br><a rel=\"noreferrer noopener\" aria-label=\" (opens in a new tab)\" href=\"https:\/\/www.iltalehti.fi\/kotimaa\/a\/3f57ffac-b7ab-47ea-8f6a-089be7c6f5b6\" target=\"_blank\">https:\/\/www.iltalehti.fi\/kotimaa\/a\/3f57ffac-b7ab-47ea-8f6a-089be7c6f5b6<\/a><br> Osa Oletetuista suomalaisia piilottelevat eik\u00e4 halua tulla l\u00f6ydetyksi. Kansalaisuus ja sukulaisuus voi olla ep\u00e4selv\u00e4.<br><a rel=\"noreferrer noopener\" href=\"https:\/\/www.hs.fi\/ulkomaat\/art-2000006344237.html?ref=rss\" target=\"_blank\">https:\/\/www.hs.fi\/ulkomaat\/art-2000006344237.html?ref=rss<\/a> <\/p>\n\n\n\n<p class=\"wp-block-paragraph\">Vuonna 2014  YK:n turvallisuusneuvosto vaatii kaikkia YK:n j\u00e4senmaita m\u00e4\u00e4rittelem\u00e4\u00e4n kansalaistensa omatoimisen osallistumisen ulkomaisiin konflikteihin laittomaksi, rangaistavaksi teoksi.  Suomessa asia antiterrorismilaiksi vesitettiin lievemm\u00e4ksi kuin muissa maissa  Nyt siit\u00e4 on ongelma osoittaa mit\u00e4\u00e4n. Naamioituneita on nyt vaikea syytt\u00e4\u00e4 ja moni uhri ja tapahtuma on kaukana tai kuollut.  <a rel=\"noreferrer noopener\" aria-label=\" (opens in a new tab)\" href=\"https:\/\/yle.fi\/uutiset\/3-7490667\" target=\"_blank\">https:\/\/yle.fi\/uutiset\/3-7490667<\/a> <br>Suomen on saatava antiterrorismilaki -blogini 2014\/06  <a rel=\"noreferrer noopener\" aria-label=\" (opens in a new tab)\" href=\"https:\/\/kanerva.eu\/fi\/?p=163\" target=\"_blank\">https:\/\/kanerva.eu\/fi\/?p=163<\/a> <br><\/p>\n","protected":false},"excerpt":{"rendered":"<p>SPEKULAATIOEi ole poissuljettu, ett\u00e4 tarkoitus oli ja on tuoda ne miehetkin ja taistelijat. Salaiset vuodotkin voivat peitell\u00e4 jotain isompaa. JUONIMISTA JA SALAILUA Vihre\u00e4t juoni asioita isosti ja salaili ja EUnkin kanssa ja t\u00e4m\u00e4n suuntaisia ajatuksia oli julkisuudessa ym. Suomi on harvoja valtioita, jossa on heikko antiterrorismilaki. N\u00e4ytt\u00f6ohjelmat ja pelk\u00e4st\u00e4 kuulumisesta ei voi syytell\u00e4 tai vied\u00e4 turvapaikalla [&hellip;]<\/p>\n","protected":false},"author":1,"featured_media":65,"comment_status":"closed","ping_status":"closed","sticky":false,"template":"","format":"standard","meta":{"_uag_custom_page_level_css":"","_crdt_document":"","site-sidebar-layout":"default","site-content-layout":"default","ast-site-content-layout":"default","site-content-style":"default","site-sidebar-style":"default","ast-global-header-display":"","ast-banner-title-visibility":"","ast-main-header-display":"","ast-hfb-above-header-display":"","ast-hfb-below-header-display":"","ast-hfb-mobile-header-display":"","site-post-title":"","ast-breadcrumbs-content":"","ast-featured-img":"","footer-sml-layout":"","ast-disable-related-posts":"","theme-transparent-header-meta":"default","adv-header-id-meta":"","stick-header-meta":"default","header-above-stick-meta":"","header-main-stick-meta":"","header-below-stick-meta":"","astra-migrate-meta-layouts":"default","ast-page-background-enabled":"default","ast-page-background-meta":{"desktop":{"background-color":"","background-image":"","background-repeat":"repeat","background-position":"center center","background-size":"auto","background-attachment":"scroll","background-type":"","background-media":"","overlay-type":"","overlay-color":"","overlay-opacity":"","overlay-gradient":""},"tablet":{"background-color":"","background-image":"","background-repeat":"repeat","background-position":"center center","background-size":"auto","background-attachment":"scroll","background-type":"","background-media":"","overlay-type":"","overlay-color":"","overlay-opacity":"","overlay-gradient":""},"mobile":{"background-color":"","background-image":"","background-repeat":"repeat","background-position":"center center","background-size":"auto","background-attachment":"scroll","background-type":"","background-media":"","overlay-type":"","overlay-color":"","overlay-opacity":"","overlay-gradient":""}},"ast-content-background-meta":{"desktop":{"background-color":"var(--ast-global-color-5)","background-image":"","background-repeat":"repeat","background-position":"center center","background-size":"auto","background-attachment":"scroll","background-type":"","background-media":"","overlay-type":"","overlay-color":"","overlay-opacity":"","overlay-gradient":""},"tablet":{"background-color":"var(--ast-global-color-5)","background-image":"","background-repeat":"repeat","background-position":"center center","background-size":"auto","background-attachment":"scroll","background-type":"","background-media":"","overlay-type":"","overlay-color":"","overlay-opacity":"","overlay-gradient":""},"mobile":{"background-color":"var(--ast-global-color-5)","background-image":"","background-repeat":"repeat","background-position":"center center","background-size":"auto","background-attachment":"scroll","background-type":"","background-media":"","overlay-type":"","overlay-color":"","overlay-opacity":"","overlay-gradient":""}},"footnotes":""},"categories":[13,56],"tags":[367,57,368,43],"class_list":["post-2379","post","type-post","status-publish","format-standard","has-post-thumbnail","hentry","category-suomi","category-vaestomuutos","tag-haavisto","tag-hallitus","tag-maahanmuutto","tag-suomi"],"uagb_featured_image_src":{"full":["https:\/\/kanerva.eu\/fi\/wp-content\/uploads\/2014\/06\/IMG_2433-e1402689389572.jpg",800,533,false],"thumbnail":["https:\/\/kanerva.eu\/fi\/wp-content\/uploads\/2014\/06\/IMG_2433-150x150.jpg",150,150,true],"medium":["https:\/\/kanerva.eu\/fi\/wp-content\/uploads\/2014\/06\/IMG_2433-300x200.jpg",300,200,true],"medium_large":["https:\/\/kanerva.eu\/fi\/wp-content\/uploads\/2014\/06\/IMG_2433-e1402689389572.jpg",768,512,false],"large":["https:\/\/kanerva.eu\/fi\/wp-content\/uploads\/2014\/06\/IMG_2433-1024x682.jpg",1024,682,true],"thumblist":["https:\/\/kanerva.eu\/fi\/wp-content\/uploads\/2014\/06\/IMG_2433-e1402689389572.jpg",300,200,false],"thumbrelated":["https:\/\/kanerva.eu\/fi\/wp-content\/uploads\/2014\/06\/IMG_2433-e1402689389572.jpg",500,333,false],"meccarouselthumb":["https:\/\/kanerva.eu\/fi\/wp-content\/uploads\/2014\/06\/IMG_2433-e1402689389572.jpg",474,316,false],"gridsquare":["https:\/\/kanerva.eu\/fi\/wp-content\/uploads\/2014\/06\/IMG_2433-e1402689389572.jpg",391,260,false],"tileview":["https:\/\/kanerva.eu\/fi\/wp-content\/uploads\/2014\/06\/IMG_2433-e1402689389572.jpg",300,200,false],"1536x1536":["https:\/\/kanerva.eu\/fi\/wp-content\/uploads\/2014\/06\/IMG_2433-e1402689389572.jpg",800,533,false],"2048x2048":["https:\/\/kanerva.eu\/fi\/wp-content\/uploads\/2014\/06\/IMG_2433-e1402689389572.jpg",800,533,false]},"uagb_author_info":{"display_name":"Kanerva Jarmo","author_link":"https:\/\/kanerva.eu\/fi\/author\/admin\/"},"uagb_comment_info":0,"uagb_excerpt":"SPEKULAATIOEi ole poissuljettu, ett\u00e4 tarkoitus oli ja on tuoda ne miehetkin ja taistelijat. Salaiset vuodotkin voivat peitell\u00e4 jotain isompaa. JUONIMISTA JA SALAILUA Vihre\u00e4t juoni asioita isosti ja salaili ja EUnkin kanssa ja t\u00e4m\u00e4n suuntaisia ajatuksia oli julkisuudessa ym. Suomi on harvoja valtioita, jossa on heikko antiterrorismilaki. N\u00e4ytt\u00f6ohjelmat ja pelk\u00e4st\u00e4 kuulumisesta ei voi syytell\u00e4 tai vied\u00e4&hellip;","_links":{"self":[{"href":"https:\/\/kanerva.eu\/fi\/wp-json\/wp\/v2\/posts\/2379","targetHints":{"allow":["GET"]}}],"collection":[{"href":"https:\/\/kanerva.eu\/fi\/wp-json\/wp\/v2\/posts"}],"about":[{"href":"https:\/\/kanerva.eu\/fi\/wp-json\/wp\/v2\/types\/post"}],"author":[{"embeddable":true,"href":"https:\/\/kanerva.eu\/fi\/wp-json\/wp\/v2\/users\/1"}],"replies":[{"embeddable":true,"href":"https:\/\/kanerva.eu\/fi\/wp-json\/wp\/v2\/comments?post=2379"}],"version-history":[{"count":1,"href":"https:\/\/kanerva.eu\/fi\/wp-json\/wp\/v2\/posts\/2379\/revisions"}],"predecessor-version":[{"id":8531,"href":"https:\/\/kanerva.eu\/fi\/wp-json\/wp\/v2\/posts\/2379\/revisions\/8531"}],"wp:featuredmedia":[{"embeddable":true,"href":"https:\/\/kanerva.eu\/fi\/wp-json\/wp\/v2\/media\/65"}],"wp:attachment":[{"href":"https:\/\/kanerva.eu\/fi\/wp-json\/wp\/v2\/media?parent=2379"}],"wp:term":[{"taxonomy":"category","embeddable":true,"href":"https:\/\/kanerva.eu\/fi\/wp-json\/wp\/v2\/categories?post=2379"},{"taxonomy":"post_tag","embeddable":true,"href":"https:\/\/kanerva.eu\/fi\/wp-json\/wp\/v2\/tags?post=2379"}],"curies":[{"name":"wp","href":"https:\/\/api.w.org\/{rel}","templated":true}]}}