{"id":2342,"date":"2019-12-08T05:51:27","date_gmt":"2019-12-08T03:51:27","guid":{"rendered":"https:\/\/kanerva.eu\/fi\/?p=2342"},"modified":"2024-07-05T14:07:01","modified_gmt":"2024-07-05T11:07:01","slug":"kansan-valta-ja-hallitus_2","status":"publish","type":"post","link":"https:\/\/kanerva.eu\/fi\/2342\/kansan-valta-ja-hallitus_2\/","title":{"rendered":"Kansan valta ja hallitus_2"},"content":{"rendered":"\n<div class=\"wp-block-themepunch-revslider revslider\" data-modal=\"false\" data-slidertitle=\"Slider 2\" style=\"\">\n\t\t\t\t<p class=\"rs-p-wp-fix\"><\/p>\n\t\t\t\t<sr7-module data-alias=\"slider-2\" data-id=\"24\" id=\"SR7_24_1\" class=\"rs-ov-hidden\" data-version=\"6.7.51\">\n\t\t\t\t\t<sr7-adjuster><\/sr7-adjuster>\n\t\t\t\t\t<sr7-content>\n\t\t\t\t\t\t<sr7-slide id=\"SR7_24_1-125\" data-key=\"125\">\n\t\t\t\t\t\t<\/sr7-slide>\n\t\t\t\t\t\t<sr7-slide id=\"SR7_24_1-126\" data-key=\"126\">\n\t\t\t\t\t\t<\/sr7-slide>\n\t\t\t\t\t<\/sr7-content>\n\t\t\t\t<\/sr7-module>\n\t\t\t\t<script>\n\t\t\t\t\twindow.SR7 ??={};SR7.PMH ??={}; SR7.PMH[\"SR7_24_1\"] = {cn:100,state:false,fn: function() { if (window._tpt!==undefined && window._tpt.prepareModuleHeight !== undefined) {  _tpt.prepareModuleHeight({id:\"SR7_24_1\",type:'standard',gh:[auto,auto,auto,auto,auto],gw:[auto,auto,auto,auto,auto],vpt:['-100px'],size:{fullWidth:false, fullHeight:false},mh:'0',onh:0,onw:0,bg:{color:'{\"orig\":\"transparent\",\"type\":\"solid\",\"string\":\"transparent\"}'},googleFont:\"ignore\"});   SR7.PMH[\"SR7_24_1\"].state=true;} else if(SR7.PMH[\"SR7_24_1\"].cn-->0)\tsetTimeout( SR7.PMH[\"SR7_24_1\"].fn,19);}};SR7.PMH[\"SR7_24_1\" ].fn();\n\t\t\t\t<\/script>\n<\/div>\n\n\n\n<p class=\"wp-block-paragraph\">Uudeksi hallitukseksi kaavaillaan nyt 10.12.2019 :<br><br>Sanna Marin tulee p\u00e4\u00e4ministeriksi (sdp) ja on teht\u00e4v\u00e4ss\u00e4 maailman nuorin.  Liikenne- ja viestint\u00e4ministerin\u00e4 on  Timo Harakka&nbsp;(sd.), jolla oli ty\u00f6ministerin salkku. SDP:st\u00e4 ty\u00f6ministerin teht\u00e4v\u00e4t ottaa&nbsp;Tuula Haatainen, eurooppaministeri&nbsp;Tytti Tuppuraisen&nbsp;salkku on vahvistumassa omistajaohjauksella, ja&nbsp;Sirpa Paatero&nbsp;on palaamassa hallitukseen kuntaministerin\u00e4.&nbsp;Krista Kiuru&nbsp;jatkanee perhe- ja peruspalveluministerin\u00e4 ja&nbsp;Ville Skinnari&nbsp;ulkomaankauppa- ja kehitysyhteisty\u00f6ministerin\u00e4.<br><br>Keskusta p\u00e4\u00e4tti, ett\u00e4 puheenjohtaja&nbsp;Katri Kulmuni valitiin valtiovarainministeriksi. Kulmuni vaihtaa salkkuja Mika Lintil\u00e4n&nbsp;kanssa, ja Lintil\u00e4 siirtyy elinkeinoministeriksi. Antti Kaikkonen&nbsp;jatkaa puolustusministerin\u00e4,&nbsp;Jari Lepp\u00e4&nbsp;maa- ja mets\u00e4talousministerin\u00e4 sek\u00e4&nbsp;Hanna Kosonen&nbsp;tiede- ja kulttuuriministerin\u00e4&nbsp;Annika Saarikon&nbsp;\u00e4itiysloman ajan.<br><br>Vihreiden ministerein\u00e4 jatkavat sis\u00e4ministeri&nbsp;Maria Ohisalo, ulkoministeri&nbsp;Pekka Haavisto&nbsp;sek\u00e4 ymp\u00e4rist\u00f6- ja ilmastoministeri&nbsp;Krista Mikkonen.<br>Vasemmistoliiton puheenjohtaja&nbsp;Li Andersson&nbsp;jatkaa opetusministerin\u00e4 ja&nbsp;Aino-Kaisa Pekonen&nbsp;sosiaali- ja terveysministerin\u00e4. Hanna Sarkkinen&nbsp;(vas.) ottaa sosiaali- ja terveysministerin salkun vaalikauden puoliv\u00e4liss\u00e4.<br>RKP:n ministerein\u00e4 jatkavat oikeusministeri&nbsp;Anna-Maja Henriksson&nbsp;sek\u00e4 pohjoismaisen yhteisty\u00f6n ja tasa-arvon ministeri&nbsp;Thomas Blomqvist.<br> <a href=\"https:\/\/yle.fi\/uutiset\/3-11108950\" target=\"_blank\" rel=\"noopener\">https:\/\/yle.fi\/uutiset\/3-11108950<\/a> <\/p>\n\n\n\n<p class=\"wp-block-paragraph\"><\/p>\n\n\n\n<p class=\"wp-block-paragraph\">Suomen hallitus pyysi eroa 3.12.2019 klo 12:30. P\u00e4\u00e4ministeri Rinne  (sdp)  j\u00e4tti hallitukseneroilmoituksen presidentille. Samana p\u00e4iv\u00e4n\u00e4 klo  14:37 eduskunnan puheenjohtaja Vanhanen totesi puheessaan, ett\u00e4  toimitusministeri\u00f6 ei voi politikoida. Maassa on toimitusministeri\u00f6, ei   hallitusta. N\u00e4in Suomen 102-itsen\u00e4isyysp\u00e4iv\u00e4n\u00e4 6.12.2019.<\/p>\n\n\n\n<p class=\"wp-block-paragraph\">Nyt hallitusneuvottelut ovat samojen puolueiden k\u00e4siss\u00e4 ja aiotaan \njatkaa samalla tavalla ja samalla hallitusohjelmalla. Yhten\u00e4 \nselityksen\u00e4, ett\u00e4 se on k\u00e4tev\u00e4\u00e4. Kokoonpano ajautui eroon 6kk. Oltiin \nedell\u00e4k\u00e4vij\u00f6it\u00e4, esimerkkin\u00e4 muillekin maille ja Suomen nopeimpia, \nainakin ajautumaan kriisiin. J\u00e4lkipyykkin\u00e4 on Rinteen(sdp)  ja \nHaaviston(vihr) tekemiset. Molempien sotkujen osapuolina oli \nty\u00f6ntekij\u00f6iden kohtelu ja edunajamisj\u00e4rjest\u00f6t ja muita.<\/p>\n\n\n\n<p class=\"wp-block-paragraph\"> Hallitus kaatui. Nyt yritet\u00e4\u00e4n jatkaa samalla hallituksella. Ei se  voi noin menn\u00e4. T\u00e4ss\u00e4 voi perustellusti katsoa, ett\u00e4 puolueet ja sen  korkein edustus mogasi. Kuuluisan ryhm\u00e4identifkaation avulla. Jokin  rangaistus siit\u00e4 on ja ainakaan sama ei voi olla hallituksen  muodostajana kun entinen muodostaja mogasi. Siis kokoonpano ei toiminut.  Johtop\u00e4\u00e4t\u00f6s: Selkeint\u00e4 olisi pit\u00e4\u00e4 uudet eduskuntavaalit noin kes\u00e4ll\u00e4  2020 ja haettava nykyinen kannatus. Koska suurin puolue mogasi. Lis\u00e4n\u00e4  tilanteessa on, ett\u00e4 p\u00e4\u00e4ministeri ei eronnut vaan h\u00e4n erotti  hallituksen. Eli totesi kokoonpanon kelvottomaksi. Nyt pit\u00e4isi v\u00e4hint\u00e4\u00e4n  seuraavaksi suurin olla hallituksen muodostajana kun suurin jo mogasi  tilanteensa lyhyess\u00e4 ajassa. Ellei EK-vaaleja.  PS vaatii ennenaikaisia EK-vaaleja. Jotta tilanteesta p\u00e4\u00e4st\u00e4\u00e4n eteenp\u00e4in:  <a href=\"https:\/\/www.is.fi\/politiikka\/art-2000006336035.html\" target=\"_blank\" rel=\"noopener\">https:\/\/www.is.fi\/politiikka\/art-2000006336035.html<\/a>  <\/p>\n\n\n\n<p class=\"wp-block-paragraph\"> Hajonnut hallitus koostui ja kaatui ihan mielivaltaisiin tyyppeihin,  joiden keinot oli moitittavia. Oli Rinne-gate ja Haavisto-gate, joita ei ole loppuun k\u00e4sitelty.  Pahinta kansan loukkaamista on, ett\u00e4 nyt  n\u00e4m\u00e4 samat tyypit on kasaamassa saman hallituksen ja jatkaisivat  mielell\u00e4\u00e4n samaa puuhastelua. Yhten\u00e4 motiivina on raha ja otetut velat  ja vanhat vallantavoittelu. Siin\u00e4 vanha hallitus on samalla tasalla  muiden halukkaiden kanssa, eik\u00e4 ole perustelu.  Asia ei etene  oleellisesti, koska on sama eduskunta ja \u00e4\u00e4net. ASia ei parane, ellei  hallituskokoonpano merkitt\u00e4v\u00e4sti muutu. Voiko presidentti ja eduskunta  hyv\u00e4ksy\u00e4 saman hallituksen joka jo erosi. Vain vaalien muutoksen kautta  patttilanne tai kierre saadaan laukaistua.  Viime eduskuntavaalien  j\u00e4lkeen kannatus on myyttynyt radikaalisti gallupeissa ja \u00e4\u00e4nest\u00e4j\u00e4t  ovat kokeneet tulleensa petetyiksi vaalilupauksilla ja on petytty  toimintaan ja skandaaleihin. Se indikoi halua uusiin vaaleihin laajasti.<br><br>Update 2019.12.11. Hallitus_2 ensimm\u00e4inen v\u00e4likysymys 1 pv vanhana. <br> Hyv\u00e4 yhteenveto ja kiteytys mist\u00e4 on Haavisto-gatessa on kyse ja nyt selvityspyynn\u00f6ss\u00e4 ja luottamuksen hakemisessa. Koko oppositio on takana noin 1\/2  EK:sta.  <a rel=\"noreferrer noopener\" aria-label=\"https:\/\/www.iltalehti.fi\/politiikka\/a\/60b19d3e-e695-4d44-ac50-c560fbe74a5d (opens in a new tab)\" href=\"https:\/\/www.iltalehti.fi\/politiikka\/a\/60b19d3e-e695-4d44-ac50-c560fbe74a5d\" target=\"_blank\">https:\/\/www.iltalehti.fi\/politiikka\/a\/60b19d3e-e695-4d44-ac50-c560fbe74a5d<\/a> <br><br>Haavisto-gate. Uutena Haavisto jatkaisikin ulkoministerina. Sanoi, ettei ollut suunnitelmia tuoda Syyriasta Isis:n perheit\u00e4 tai lapsia. Naisetkin osallistui toimintaan.  Muualta on tullut eri tietoa kuin Haavistolta. On ep\u00e4selv\u00e4\u00e4 onko hallituksessa salainen sopimus vai toimiko joku yksin. Ja onko totuutta ja p\u00e4\u00e4t\u00f6ksi\u00e4 v\u00e4\u00e4ristelty ja juoniteltu ja onko toimittu suoraselk\u00e4isesti ja rehellisesti.  Ulkoasianvaliokunta oli kielt\u00e4nyt tuomasta isisin leirilt\u00e4. Ihmisten tuomisesta ilman poliittista p\u00e4\u00e4t\u00f6st\u00e4 kielt\u00e4ytynyt virkamies siirrettiin syrj\u00e4\u00e4n kun ei halunnut toimia ep\u00e4asianmukaisesti ja ehk\u00e4 laittomasti ja painostettiin. T\u00e4m\u00e4kin on salaista, mediasta, mutta siirto tapahtui ja faktat sopii.  Kansalaiset kokivat vaaralliseksi. Esim. kun olivat lukeneet hurjista uhkauksista potentiaalisilta tulijoilta. Onko eduskuntaa harhautettu, juonittu ja vehkeilty? Salattiinko asia \u00e4\u00e4nest\u00e4jilt\u00e4 ja kokiko hallitus \u00e4\u00e4nest\u00e4j\u00e4t uhkana? Asia tulee viel\u00e4 eteen uudestaan k\u00e4sittelyyn. Muualla mediassa paljon lis\u00e4\u00e4.<br> <a href=\"https:\/\/www.is.fi\/politiikka\/art-2000006338164.html\" target=\"_blank\" rel=\"noopener\">https:\/\/www.is.fi\/politiikka\/art-2000006338164.html<\/a> <br>Rinne-gate on monimutkainen soppa. Siin\u00e4 kikkailtiin, siit\u00e4 aiheutui lakko ja luottamuspula hallituksen sis\u00e4ll\u00e4 ja hallitus erosi. Liittyi Postiin ja omistajaohjaukseenkin. Ei tiedetty kuka puhui totta ja Keskusta lausui ep\u00e4luottamuksen.  Ihmisi\u00e4 erotettiin  ja nyt sama valittiin ministeriksi.<\/p>\n\n\n\n<p class=\"wp-block-paragraph\">Hakiko kaatunut ja jatkava hallitus ja j\u00e4senet  oppinsa ja arvopohjansa sota-ajan toimintatavoista? Jotka olivat poikkeustilanteessa. Parlamenttarismi ohitettiin ja asoita hoidettiin pienen ryhm\u00e4n mielivallalla ja p\u00e4\u00e4t\u00f6ksill\u00e4. Asioita salattiin ja saatettiin antaa v\u00e4\u00e4r\u00e4\u00e4kin tietoa harhautuksena.<br> &#8221;\u2026Sodan aikana p\u00e4\u00e4t\u00f6ksenteko keskittyi hyvin pienelle sotakabinetille,  johon kuuluivat presidentti, ylip\u00e4\u00e4llikk\u00f6 ja hallituksen  avainministerit. Valtiop\u00e4iv\u00e4j\u00e4rjestyksen mukaan hallituksen olisi  pit\u00e4nyt informoida erityisen hyvin eduskunnan ulkoasiainvaliokuntaa.&#8221; <br> Tuolloin uhkana oli ulkovallat  eik\u00e4 oma kansa. Sensuuri oli k\u00e4yt\u00f6ss\u00e4, ettei purnattaisi ja annettaisi  oikeaa tietoa vihollisille. Omituista jos johto kokee \u00e4\u00e4nest\u00e4j\u00e4t ja  sananvapauden vihollisiksi. Ja n\u00e4it\u00e4 toisinajattelijoita jahtaa oikeinajattelijat ja oikeuslaitos, mm. vihaiset puheet ja uskonnon ja tapojen kritiikki.  Ja eri tulkinnoilla kuin muualla EU:ssa. Samaan aikaan fyysisi\u00e4 rikoksia ei ehdit\u00e4 tutkia tai ei korjata asioita. Tai p\u00e4\u00e4t\u00f6ksill\u00e4 aiheuttaan Suomelle vahinkoa. My\u00f6s politiikka esiintyy miss\u00e4 ei pit\u00e4isi.<br> <a rel=\"noreferrer noopener\" aria-label=\"https:\/\/www.eduskunta.fi\/FI\/tietoaeduskunnasta\/kirjasto\/aineistot\/yhteiskunta\/historia\/eduskunnan-toiminta-sota-aikana\/Sivut\/toimeenpanovalta-vs-lainsaadantovalta.aspx (opens in a new tab)\" href=\"https:\/\/www.eduskunta.fi\/FI\/tietoaeduskunnasta\/kirjasto\/aineistot\/yhteiskunta\/historia\/eduskunnan-toiminta-sota-aikana\/Sivut\/toimeenpanovalta-vs-lainsaadantovalta.aspx\" target=\"_blank\">https:\/\/www.eduskunta.fi\/FI\/tietoaeduskunnasta\/kirjasto\/aineistot\/yhteiskunta\/historia\/eduskunnan-toiminta-sota-aikana\/Sivut\/toimeenpanovalta-vs-lainsaadantovalta.aspx<\/a><\/p>\n\n\n\n<figure class=\"wp-block-image\"><img loading=\"lazy\" decoding=\"async\" width=\"1024\" height=\"768\" src=\"data:image\/gif;base64,R0lGODlhAQABAAAAACH5BAEKAAEALAAAAAABAAEAAAICTAEAOw==\" alt=\"\" class=\"wp-image-2335 lazyload\" sizes=\"auto, (max-width: 1024px) 100vw, 1024px\" data-src=\"https:\/\/kanerva.eu\/fi\/wp-content\/uploads\/2019\/12\/IMG_Suomen1920nousuunL-1024x768.jpg\" data-srcset=\"https:\/\/kanerva.eu\/fi\/wp-content\/uploads\/2019\/12\/IMG_Suomen1920nousuunL-1024x768.jpg 1024w, https:\/\/kanerva.eu\/fi\/wp-content\/uploads\/2019\/12\/IMG_Suomen1920nousuunL-300x225.jpg 300w, https:\/\/kanerva.eu\/fi\/wp-content\/uploads\/2019\/12\/IMG_Suomen1920nousuunL-768x576.jpg 768w, https:\/\/kanerva.eu\/fi\/wp-content\/uploads\/2019\/12\/IMG_Suomen1920nousuunL-1536x1152.jpg 1536w, https:\/\/kanerva.eu\/fi\/wp-content\/uploads\/2019\/12\/IMG_Suomen1920nousuunL.jpg 1920w\"><\/figure>\n\n\n\n<p class=\"wp-block-paragraph\">2019\/12 Perussuomalaista on  tullut suurin puolue 24,3% kannatuksella. PS on saanut ainakin 100 000  uutta kannattajaa nukkuvista, ei \u00e4\u00e4nest\u00e4vist\u00e4. He ovat aktivoituneet  skandaalien ja sekoilujen ja muun  takia ja haluavat korjata asioita.  Monet \u00e4\u00e4nest\u00e4j\u00e4t ovat kokeneet tulleensa petetyiksi vaalilupauksilla ja  on petytty toimintaan ja skandaaleihin. Ja on alkanut selvit\u00e4 mit\u00e4 SDP  ja Kesk aikoo tehd\u00e4, nostaa veroja, maksuja, polttoaineen hintaa, tukia  ulkomaille, Myyd\u00e4 omaisuutta, v\u00e4hent\u00e4\u00e4 taviksien etuja jne. Ja velkaa  otetaan vaan lis\u00e4\u00e4 ja kulut kasvaa.  Kok=18,6, Vihr=13,9 SDP=13,2 ja  Kesk=10,6, VAS=8,4 Ylen gallupissa 3.12.2019 2944 laajalla otoksella.  PSn kannatus on suurempi kuin SDP+Kesk, jotka on aikeissa muodostaa taas  uutta hallitusta.  Gallupeissa on selke\u00e4 oikeisto-konservatiivinen  enemmist\u00f6, hallitus jota kasataan taas oli  ja olisi  vasemmisto-liberaali, mik\u00e4 tuo j\u00e4nnitteit\u00e4. Vaarana on my\u00f6s lakkosuma  kun suma ja tyytym\u00e4tt\u00f6myys p\u00e4\u00e4stettiin syntym\u00e4\u00e4n. Samalla talous sakkaa.  Kunnissa on talous kriiseiss\u00e4. Palkkoja haluttaisiin korottaa. Verojen  maksunkin takia tarvitaan lis\u00e4\u00e4 palkkaa.<br> <a rel=\"noreferrer noopener\" href=\"https:\/\/yle.fi\/uutiset\/3-11102651\" target=\"_blank\">https:\/\/yle.fi\/uutiset\/3-11102651<\/a> <br><br>Linkki kuntien talouteen, syit\u00e4  ja Espoon tilinp\u00e4\u00e4t\u00f6s ym. <br><a rel=\"noreferrer noopener\" href=\"https:\/\/kanerva.eu\/fi\/?p=2227\" target=\"_blank\">https:\/\/kanerva.eu\/fi\/?p=2227<\/a><\/p>\n\n\n\n<p class=\"wp-block-paragraph\">Historia 2017\/3-7 :  Ensin Kok+Kes+PS hallitus kaatui kun Kok ja Kesk<a rel=\"noreferrer noopener\" href=\"https:\/\/kanerva.eu\/fi\/?p=1773\" target=\"_blank\"> juonitteli<\/a>  PSn pois hallituksesta ja otti mukaan PSst\u00e4 mukaan houkuteltuja  minisistereit\u00e4 ja kansanedustajia Sinisin\u00e4, osana maksamalla valtion  rahoista ministeripalkkaa. Sinisi\u00e4 on viel\u00e4kin eduskunnassa ja kunnissa  t\u00e4st\u00e4 operaatiosta. Lyhyen ajan j\u00e4lkeen taas Keskusta ja Kokoomus  p\u00e4\u00e4tyiv\u00e4t, ettei pysty yll\u00e4pit\u00e4m\u00e4\u00e4n hallitusta, eiv\u00e4t olleet  hallituskelpoisia. Seuraavan hallituksen muodosti isoista SDP ja  Keskusta. Hallitusneuvotteluissa oli ollut Kokoomus itsevarmana  vaatimassa liikoja ja SDPn ja Kok tavoitteet oli kaukana. Loogisesti voi  vet\u00e4\u00e4 johtop\u00e4\u00e4t\u00f6ksen, ettei ensin Kok-johto ja sitten Keskusta pysty  yhteisty\u00f6h\u00f6n muiden kanssa. Keskusta oli aloitteellinen hallituksen  hajoamiseen. Arroganttius ja jyrkkyys, poliittinen sovittelunhalun puute  paistaa l\u00e4pi ja pidet\u00e4\u00e4n itse\u00e4 liian isona kompromisseihin.  My\u00f6s SDPn  suhteet ammattiyhdistyksiin on huonontuneet. Jo nyt on lakkosumaa  tiedossa ja osa on k\u00e4yty jo Postin sekoiluiden osana. Eli SDP, Kes ja  Kok ovat olleet osasyyn\u00e4 hallituksien kaatamiseen. Hankalaa on, ett\u00e4 osa  niist\u00e4 tarvitaan aina hallitukseen.<br><\/p>\n","protected":false},"excerpt":{"rendered":"<p>Uudeksi hallitukseksi kaavaillaan nyt 10.12.2019 : Sanna Marin tulee p\u00e4\u00e4ministeriksi (sdp) ja on teht\u00e4v\u00e4ss\u00e4 maailman nuorin. Liikenne- ja viestint\u00e4ministerin\u00e4 on Timo Harakka&nbsp;(sd.), jolla oli ty\u00f6ministerin salkku. SDP:st\u00e4 ty\u00f6ministerin teht\u00e4v\u00e4t ottaa&nbsp;Tuula Haatainen, eurooppaministeri&nbsp;Tytti Tuppuraisen&nbsp;salkku on vahvistumassa omistajaohjauksella, ja&nbsp;Sirpa Paatero&nbsp;on palaamassa hallitukseen kuntaministerin\u00e4.&nbsp;Krista Kiuru&nbsp;jatkanee perhe- ja peruspalveluministerin\u00e4 ja&nbsp;Ville Skinnari&nbsp;ulkomaankauppa- ja kehitysyhteisty\u00f6ministerin\u00e4. Keskusta p\u00e4\u00e4tti, ett\u00e4 puheenjohtaja&nbsp;Katri Kulmuni valitiin valtiovarainministeriksi. [&hellip;]<\/p>\n","protected":false},"author":1,"featured_media":0,"comment_status":"closed","ping_status":"closed","sticky":false,"template":"","format":"standard","meta":{"_uag_custom_page_level_css":"","_crdt_document":"","site-sidebar-layout":"default","site-content-layout":"default","ast-site-content-layout":"default","site-content-style":"default","site-sidebar-style":"default","ast-global-header-display":"","ast-banner-title-visibility":"","ast-main-header-display":"","ast-hfb-above-header-display":"","ast-hfb-below-header-display":"","ast-hfb-mobile-header-display":"","site-post-title":"","ast-breadcrumbs-content":"","ast-featured-img":"","footer-sml-layout":"","ast-disable-related-posts":"","theme-transparent-header-meta":"default","adv-header-id-meta":"","stick-header-meta":"default","header-above-stick-meta":"","header-main-stick-meta":"","header-below-stick-meta":"","astra-migrate-meta-layouts":"default","ast-page-background-enabled":"default","ast-page-background-meta":{"desktop":{"background-color":"","background-image":"","background-repeat":"repeat","background-position":"center center","background-size":"auto","background-attachment":"scroll","background-type":"","background-media":"","overlay-type":"","overlay-color":"","overlay-opacity":"","overlay-gradient":""},"tablet":{"background-color":"","background-image":"","background-repeat":"repeat","background-position":"center center","background-size":"auto","background-attachment":"scroll","background-type":"","background-media":"","overlay-type":"","overlay-color":"","overlay-opacity":"","overlay-gradient":""},"mobile":{"background-color":"","background-image":"","background-repeat":"repeat","background-position":"center center","background-size":"auto","background-attachment":"scroll","background-type":"","background-media":"","overlay-type":"","overlay-color":"","overlay-opacity":"","overlay-gradient":""}},"ast-content-background-meta":{"desktop":{"background-color":"var(--ast-global-color-5)","background-image":"","background-repeat":"repeat","background-position":"center center","background-size":"auto","background-attachment":"scroll","background-type":"","background-media":"","overlay-type":"","overlay-color":"","overlay-opacity":"","overlay-gradient":""},"tablet":{"background-color":"var(--ast-global-color-5)","background-image":"","background-repeat":"repeat","background-position":"center center","background-size":"auto","background-attachment":"scroll","background-type":"","background-media":"","overlay-type":"","overlay-color":"","overlay-opacity":"","overlay-gradient":""},"mobile":{"background-color":"var(--ast-global-color-5)","background-image":"","background-repeat":"repeat","background-position":"center center","background-size":"auto","background-attachment":"scroll","background-type":"","background-media":"","overlay-type":"","overlay-color":"","overlay-opacity":"","overlay-gradient":""}},"footnotes":""},"categories":[13],"tags":[57,369],"class_list":["post-2342","post","type-post","status-publish","format-standard","hentry","category-suomi","tag-hallitus","tag-kansanvalta"],"uagb_featured_image_src":{"full":false,"thumbnail":false,"medium":false,"medium_large":false,"large":false,"thumblist":false,"thumbrelated":false,"meccarouselthumb":false,"gridsquare":false,"tileview":false,"1536x1536":false,"2048x2048":false},"uagb_author_info":{"display_name":"Kanerva Jarmo","author_link":"https:\/\/kanerva.eu\/fi\/author\/admin\/"},"uagb_comment_info":0,"uagb_excerpt":"Uudeksi hallitukseksi kaavaillaan nyt 10.12.2019 : Sanna Marin tulee p\u00e4\u00e4ministeriksi (sdp) ja on teht\u00e4v\u00e4ss\u00e4 maailman nuorin. Liikenne- ja viestint\u00e4ministerin\u00e4 on Timo Harakka&nbsp;(sd.), jolla oli ty\u00f6ministerin salkku. SDP:st\u00e4 ty\u00f6ministerin teht\u00e4v\u00e4t ottaa&nbsp;Tuula Haatainen, eurooppaministeri&nbsp;Tytti Tuppuraisen&nbsp;salkku on vahvistumassa omistajaohjauksella, ja&nbsp;Sirpa Paatero&nbsp;on palaamassa hallitukseen kuntaministerin\u00e4.&nbsp;Krista Kiuru&nbsp;jatkanee perhe- ja peruspalveluministerin\u00e4 ja&nbsp;Ville Skinnari&nbsp;ulkomaankauppa- ja kehitysyhteisty\u00f6ministerin\u00e4. Keskusta p\u00e4\u00e4tti, ett\u00e4 puheenjohtaja&nbsp;Katri Kulmuni valitiin&hellip;","_links":{"self":[{"href":"https:\/\/kanerva.eu\/fi\/wp-json\/wp\/v2\/posts\/2342","targetHints":{"allow":["GET"]}}],"collection":[{"href":"https:\/\/kanerva.eu\/fi\/wp-json\/wp\/v2\/posts"}],"about":[{"href":"https:\/\/kanerva.eu\/fi\/wp-json\/wp\/v2\/types\/post"}],"author":[{"embeddable":true,"href":"https:\/\/kanerva.eu\/fi\/wp-json\/wp\/v2\/users\/1"}],"replies":[{"embeddable":true,"href":"https:\/\/kanerva.eu\/fi\/wp-json\/wp\/v2\/comments?post=2342"}],"version-history":[{"count":1,"href":"https:\/\/kanerva.eu\/fi\/wp-json\/wp\/v2\/posts\/2342\/revisions"}],"predecessor-version":[{"id":8532,"href":"https:\/\/kanerva.eu\/fi\/wp-json\/wp\/v2\/posts\/2342\/revisions\/8532"}],"wp:attachment":[{"href":"https:\/\/kanerva.eu\/fi\/wp-json\/wp\/v2\/media?parent=2342"}],"wp:term":[{"taxonomy":"category","embeddable":true,"href":"https:\/\/kanerva.eu\/fi\/wp-json\/wp\/v2\/categories?post=2342"},{"taxonomy":"post_tag","embeddable":true,"href":"https:\/\/kanerva.eu\/fi\/wp-json\/wp\/v2\/tags?post=2342"}],"curies":[{"name":"wp","href":"https:\/\/api.w.org\/{rel}","templated":true}]}}