{"id":1773,"date":"2017-06-17T18:39:33","date_gmt":"2017-06-17T15:39:33","guid":{"rendered":"http:\/\/kanerva.eu\/fi\/?p=1773"},"modified":"2024-07-05T14:07:15","modified_gmt":"2024-07-05T11:07:15","slug":"uv-loikkaus-oli-juonittelua-ja-salaliitto","status":"publish","type":"post","link":"https:\/\/kanerva.eu\/fi\/1773\/uv-loikkaus-oli-juonittelua-ja-salaliitto\/","title":{"rendered":"UV alias ST loikkaus oli juonittelua ja salaliitto"},"content":{"rendered":"<p>Kirjoitan yhteenvetoa PS jakaantumisesta.<br \/>Soinin ja Elon ryhm\u00e4n jakaantuminen oli suunniteltu, <a href=\"https:\/\/www.aamulehti.fi\/kotimaa\/perussuomalaisten-jakoon-valmistauduttiin-toukokuun-alkupuolelta-lahtien-nain-tapahtumat-etenivat-200212097\" target=\"_blank\" rel=\"noopener\">laskelmoitu kauan etuk\u00e4teen<\/a>. Asiaa oli neuvoteltu salassa (viite is-artikkeli)\u00a0 my\u00f6s Keskustan ja Kokoomuksen johdon kanssa ja sovittu asiat. Asia oli jo sovittuna p\u00e4\u00e4osin puoluekokouksen alkaessa. Edustajat k\u00e4yt\u00e4nn\u00f6ss\u00e4 ostettiin ulos lupaamalla hyvi\u00e4 asioita.<\/p>\n<p>T\u00e4st\u00e4 tuli l\u00e4htev\u00e4n Timo Soinin ryhm\u00e4n ja Perussuomalaisten avoero ja pes\u00e4nselvitys. Osa edustajista\u00a0 siirtyi Timon mukana toiseen kotiin, mik\u00e4 rakennetaan my\u00f6hemmin.<\/p>\n<p>Triggeri oli Halla-ahon valitseminen uudeksi johdoksi ja soinilaisten syrj\u00e4yttyminen vanhoista teht\u00e4vist\u00e4. Syyn\u00e4 oli \u00e4\u00e4nest\u00e4jien ja monien kunnan poliitikkojen pettyminen siihen, ettei pystytty pit\u00e4m\u00e4\u00e4n puoliaan ja ajamaan PS lle t\u00e4rkeit\u00e4 asioita.<\/p>\n<p>Julkisuuteen juonittiin tekosyit\u00e4 ja jurskastelua, selityksi\u00e4 ja syytoksi\u00e4 ja valheita. Koskaan ei kyse ollut todellisista arvoista, jotka nekin ovat kovin ep\u00e4selvi\u00e4 asioina. Natsitervehdyksi\u00e4 tai mellakoita ei puoluekokouksessa n\u00e4kynyt vaan kyse oli juonittelusta. Natsitervehdyskohu oli k\u00e4si\u00e4\u00e4nestyksest\u00e4 viittaamista seuraavana p\u00e4iv\u00e4n\u00e4 kun v\u00e4itettiin. Juonikas mieli p\u00f6yristyy helposti. . Niist\u00e4 on <a title=\"2017 Puoluekokous\" href=\"https:\/\/www.youtube.com\/watch?v=jF9A1Pj4C1E\" target=\"_blank\" rel=\"noopener\" data-schema-attribute=\"\">videot\u00a0<\/a> ja kuvia. Lis\u00e4ksi oli <a href=\"http:\/\/www.is.fi\/kotimaa\/art-2000005258605.html\" target=\"_blank\" rel=\"noopener\">kummallisia syyt\u00f6ksi\u00e4<\/a> lis\u00e4\u00e4, ja <a href=\"http:\/\/www.is.fi\/kotimaa\/art-2000005255108.html\" target=\"_blank\" rel=\"noopener\">t\u00e4\u00e4ll\u00e4<\/a> , eli propagandaa, jota muut eiv\u00e4t allekirjoita.<\/p>\n<p>PS-puoluejohto ep\u00e4onnistyi tiedotuksesta eik\u00e4 puolustautunut taaskaan n\u00e4ilt\u00e4 alkeellisilta syyt\u00f6ksilt\u00e4 heti. Jopa Kok edustajat ja IS kohutoimittajat vastasi puolustuksesta. Motiivina oli kai my\u00f6t\u00e4h\u00e4pe\u00e4 ja asian j\u00e4rjett\u00f6myys.<\/p>\n<p>Uskon, ett\u00e4 Kok+Kesk antama noottikriisi oli juonittu ja sovittu juttu. V\u00e4itettiin, ett\u00e4 hallitus hajoaa jos ei asia etene. T\u00e4st\u00e4 vakuutena KD:n \u00d6sterman\u00a0 kertoi <a href=\"http:\/\/www.verkkouutiset.fi\/politiikka\/ostman_hallitus-66834\" target=\"_blank\" rel=\"noopener\">blogissa<\/a>, ettei KDn oltu yhteydess\u00e4 hallitusneuvotteluiden osalta. T\u00e4ss\u00e4 j\u00e4\u00e4tiin kiinni rys\u00e4n p\u00e4\u00e4lt\u00e4. Lis\u00e4\u00e4 tietoa vehkeilysta muiden puolueiden kanssa tippuu koko ajan lis\u00e4\u00e4 esim. <a href=\"http:\/\/www.iltalehti.fi\/kotimaa\/201706162200214562_u0.shtml\" target=\"_blank\" rel=\"noopener\"> t\u00e4\u00e4ll\u00e4<\/a>.<\/p>\n<p>Koko juoni oli jo julkistettu seikkaper\u00e4iseti 3.6.2017 Turunsanomissa ja <a href=\"https:\/\/www.aamulehti.fi\/kotimaa\/hallituksessa-suunnitelma-halla-ahon-voiton-varalle-soinilaiset-muodostaisivat-oman-eduskuntaryhman-200183418\/\" target=\"_blank\" rel=\"noopener\">Aamulehdess\u00e4<\/a>. Kukaan ei vaan uskonut niin h\u00e4rski\u00e4 peli\u00e4. Oli laskettu, ett\u00e4 hallitus tarvitsee noin 20 kansanedustajaa lis\u00e4\u00e4 Kok+Kesk lis\u00e4ksi saamaan eduskunnan enemmist\u00f6, noin 106\/200.\u00a0 Kesk+Kes+KD+RKP olisi ollut 101 joka ei olisi k\u00e4yt\u00e4nn\u00f6ss\u00e4 riitt\u00e4nyt, vaan hallitus olisi rampa ajamaan asioita.<\/p>\n<p>Kaikkea ei ole kirjoitettu. Miettim\u00e4ll\u00e4 asiaa p\u00e4\u00e4dyin spekulaationa siihen, ett\u00e4 samalla on sovittu :<\/p>\n<p>-Timo Soinille jokin el\u00e4kevirka. Esim pankkiin. Miss\u00e4 ei perinteisesti vaadita muodollista osaamista.<br \/>&#8211;<a href=\"http:\/\/www.is.fi\/kotimaa\/art-2000005255585.html\" target=\"_blank\" rel=\"noopener\">Stubb<\/a> siirrettin jo investointipankkiin poliittiseen virkaan ja paikka vapautui.<br \/>-Vaalituloksella ei muuta voitu. T\u00e4ll\u00e4 palkittiin entiset tekemiset. Puhuisin mielell\u00e4ni EU-kauppakompanjasta, joka kuvaa verkoistoitunutta jengi\u00e4 parhaiten politiikan, pankkien ja muun kesken, joka johtaa EUta.<\/p>\n<p>-Muille loikanneille luvatiin jatkuvuus ja ministerinpestej\u00e4 ja muuta. Ja toivo ja hurmos el\u00e4\u00e4, ett\u00e4 uudella valinnalla olisi vaikutusvaltaa 2 v. eteenp\u00e4in, ja teko olisi kovin is\u00e4nmaallien alkaa ajamaan EU asioita.\u00a0 Osaa edustajista oli jo rankaistu (soinilaisten johdolla), eli varoitettu erottamisella,\u00a0 lipe\u00e4misest\u00e4 vastustamaan hallintarekisterilakia, jota investoijat haluavat. Luultavasti oli jo ep\u00e4virallisesti annettu ymm\u00e4rt\u00e4\u00e4, ett\u00e4 \u00e4\u00e4niharaville on ottajia erityisesti Keskustassa. Keskusta tarvitsis uutta verta johtoon, joka on EU-m\u00f6nteinen. Keskustassa on sama 2 ajatustavan ongelma EU-kriittiset ja EU-federaation ajajat.\u00a0 Keskustassa muhii nyt samanlainen hajautuminen Suomen etuja ajaviin ja EUn etuja ajaviin, jotka palkitaan helpommin.<\/p>\n<p>-Elolle asia avasi mahdollisuuden p\u00e4\u00e4st\u00e4 vet\u00e4m\u00e4\u00e4n uutta ryhm\u00e4\u00e4 ja saada julkisuutta. Todenn\u00e4k\u00f6isesti ainakin KD ja Kesk ottaisi vastaan jos huonosti k\u00e4y. On 2 v aikaa kehitt\u00e4\u00e4 asiaa.<\/p>\n<p>Asialla oli kiire, koska viikon sis\u00e4\u00e4n loikkauksesta Sipil\u00e4 lensi taas suihkukoneella ja k\u00e4vi jo neuvottelemassa , ett\u00e4 Kreikka saa lis\u00e4\u00e4 rahaa. T\u00e4m\u00e4 ei ehk\u00e4 olisi mennyt PSt\u00e4 en\u00e4\u00e4 l\u00e4pi hallituksessa. Kriisi oli my\u00f6s hyv\u00e4 savuverho, eik\u00e4 kukaan huomannut tai kyseenalaistanut. Taas seliteltiin kerran ett\u00e4 Kreikka on nyt hoidettu kuntoon, eik\u00e4 kukaan uskonut.<br \/><a href=\"http:\/\/www.hs.fi\/talous\/art-2000005255793.html\" target=\"_blank\" rel=\"noopener\">http:\/\/www.hs.fi\/talous\/art-2000005255793.html<br \/><\/a><a href=\"http:\/\/www.is.fi\/taloussanomat\/porssiuutiset\/art-2000005257771.html\" target=\"_blank\" rel=\"noopener\">http:\/\/www.is.fi\/taloussanomat\/porssiuutiset\/art-2000005257771.html<br \/><\/a> <a href=\"http:\/\/susijumala.puheenvuoro.uusisuomi.fi\/239093-pari-tarkeaa-huomiota-ylen-kannatusmittaustuloksesta\" target=\"_blank\" rel=\"noopener\">http:\/\/susijumala.puheenvuoro.uusisuomi.fi\/239093-pari-tarkeaa-huomiota-ylen-kannatusmittaustuloksesta<\/a><\/p>\n<p><img loading=\"lazy\" decoding=\"async\" class=\"size-medium wp-image-40 aligncenter lazyload\" src=\"data:image\/gif;base64,R0lGODlhAQABAAAAACH5BAEKAAEALAAAAAABAAEAAAICTAEAOw==\" alt=\"\" width=\"300\" height=\"300\" data-src=\"http:\/\/kanerva.eu\/fi\/wp-content\/uploads\/2014\/06\/3d001029_3_v-300x300.jpg\"><\/p>\n<p>-PS piti kokouksensa 16.6.2017 . Loikkarit heitettiin pois PS puolueesta. Uudistuneesta linjasta pidettiin hyv\u00e4 tiedotustilaisuus. <a href=\"https:\/\/www.facebook.com\/perussuomalaiset\/videos\/10154653703533342\/\" target=\"_blank\" rel=\"noopener\">https:\/\/www.facebook.com\/perussuomalaiset\/videos\/10154653703533342\/<\/a><\/p>\n<p>-HS analyysissa loppup\u00e4\u00e4telm\u00e4 oli, ett\u00e4 PSst\u00e4 l\u00e4hti edustajia, jotka ovat vasemmistolaisempia ja liberaalimpia ajatusmaailmaltaan.<\/p>\n<p>Uuden STn ongelmana on saada \u00e4\u00e4ni\u00e4. Keskustan ja kokoomuksen politiikkaa ajavlle Eu-my\u00f6nteiselle puolueelle ei ole tilaa tai kysynt\u00e4\u00e4. <a href=\"https:\/\/yle.fi\/uutiset\/3-9684222\" target=\"_blank\" rel=\"noopener\">Ylen ensimm\u00e4inen<\/a> gallup varmisti jo asian. Siin\u00e4 Perussuomalaisten kannatus oli noussut 0,7 % 9,7:\u00e4\u00e4n loikkareiden j\u00e4tetty\u00e4 puolueen. ST sai 2,3% ja virhemarginaalikin oli enemm\u00e4n, eli 2,8%. Puolueen kannatus ei jakaudu, eik\u00e4 puoluekaan.<\/p>\n<p>Uudistunut selke\u00e4mpi linja saa enemm\u00e4n kannatusta.<\/p>\n<p>-N\u00e4iden loikanneiden henkinen koti ei olisi Kokoomuskaan, jos ajattelee kokoomusta oikeistopuolueeksi. Oikeastaan kokoomus ei ole paljoa oikeistopuole en\u00e4\u00e4 kun analyysej\u00e4 ja tekemisi\u00e4 k\u00e4y l\u00e4pi. Voimakkaan keskusvallan ja s\u00e4\u00e4telyn ajaminen ei ole oikeistolainen tai porvarien asia. My\u00f6s Kokoomusessa on sis\u00e4ist\u00e4 riit\u00e4\u00e4 Suomen etujen ajamisesta vs. Eun asioiden ajamisella rahansa saavien v\u00e4lill\u00e4. Eu tuella saa miljoonia, is\u00e4nmaallisuudella saa olla mukana talkoissa omalla rahalla.<\/p>\n<p>-EUssa on muuttuneet arvot: Vasemmisto kannattaa Eu keskusvaltaa ja s\u00e4\u00e4tely\u00e4 ja s\u00e4\u00e4telytaloutta, varsinkin pankkien kautta. Oikeisto taas on kansallismielisemp\u00e4\u00e4, eli ajaa omiensa ja omaikin etuja ja v\u00e4ljemp\u00e4\u00e4 s\u00e4\u00e4tely\u00e4 ja vapata markkinataloutta. Uudistut PS siirtyi jonkin verran oikealle, kun vasen laita poistui.<\/p>\n<p>-PS taas on ajanut j\u00e4rke\u00e4 asioiden hoitoon. Ett\u00e4 politiikka ja s\u00e4\u00e4tely olisi loogista. Sit\u00e4 voisi kutsua realismiksi tai pragmatismiksi. Halla-aho on tyyppiesimerkki harmaasta pragmaattisesta, jopa kylm\u00e4st\u00e4 tyypist\u00e4, joka nojautuu tosiasioihin eik\u00e4 tunteenomaisiin populistisiin mielikuviin. Halla-ahohan on oikeastaan antipopulisti. Ei hae julkisuutta, pysyy asiassa, ei liiottele, oikoo median dramaattisia ajatusrakennelmia, joilla myyd\u00e4\u00e4n uutisia, sijoitti vaaleihin hyvin v\u00e4h\u00e4n.\u00a0 Suomalaiset pit\u00e4v\u00e4t siit\u00e4. Toisaalta politiikka ja media rakastaa draamaa, joita er\u00e4\u00e4t PS edustajat ovat tarjonneet.<\/p>\n<p>-PS on vaatinut kontrollia maahanmuuttoon ja tulemiseen. Esimerkiksi, ett\u00e4 tiedet\u00e4\u00e4n ket\u00e4 tulee ja on\u00a0 maassa. Ja ettei tule ihmisi\u00e4, joista on vaara tulla terroristeja. Ja ei ole haluttu haittaamaahanmuuttoa. Eli muuttajia, joiden on vaikea intergroitua tuottavaksi osaksi yhteis\u00f6\u00e4 tai vaativat erikoiskohtelua. EUn Merkel ja muut ovat ajaneet vapaita rajoja ja ihmisi\u00e4 jopa heataan laivoilla Libyasta EUn alueelle, eik\u00e4 t\u00e4h\u00e4n puututa. Pakolaiskriisi piilottaa hyvin poliittisen puuhastelun ja rahojen ja omaisuuden uusjaon.<br \/>-Suomeen ei saatu YKn hyv\u00e4ksym\u00e4\u00e4 antiterroristilakia, jonka mukaan voidaan terrorista tuomita, kuin se olisi tehty Suomessa, ja vangita ja karkoittaa. Sellainen on monissa EU maissa.<br \/>T\u00e4ll\u00e4 ei ole mit\u00e4\u00e4n kemist\u00e4 oikeisto-vasemmisto -ajattelun kanssa.<\/p>\n<p>-PS on vaatinut, ettei Suomi maksa muiden kuluja\/ongelmia Eu-sopimusta mukaan ja jopa vaati, ett\u00e4 hallitus noudattaisi omaa hallitussopimusta. T\u00e4m\u00e4 ei ole kelvannut EUlle eik\u00e4 hallitukselle. T\u00e4m\u00e4 ei ole oikeisto-vasemmisto &#8211; asia.<\/p>\n<p>-Uudella hallituksella, jota Kes+ Kok ajaa on 2 vuotta toteuttaa suunitelmiaan:<br \/>-Sosialisoida omaisuutta valtiolle ja myyd\u00e4 sit\u00e4. Vain kauppak\u00e4ym\u00e4ll\u00e4 voi rikastua.<br \/>-muuttaa kansallisomaisuus sijoitustuotteiksi ja myyd\u00e4 nit\u00e4 sijoittajille. EKP painaa rahat siihen ja Suomi takaa sen rahan. Samalla ajetaan EU-federaatiota ja yhteisomistusta. Investointipankki on yksi tekij\u00e4.\u00a0 Listalla on mets\u00e4t, vesialueet ja vedet, tiest\u00f6, rautatiet, vesi ja viem\u00e4rit, s\u00e4hk\u00f6verkot, tietoliikenneverkot. Osa on jo hoidettu.<br \/>-EUlle etsit\u00e4\u00e4n suoraa veropohjaa energiaveroista ja ehk\u00e4 <a href=\"http:\/\/www.nykysuomi.com\/index.php\/2017\/05\/30\/eu-komissio-esittaa-kaikkia-autoilijoita-koskevaa-kilometrimaksulakia\/\" target=\"_blank\" rel=\"noopener\">kilometriveroistakin<\/a>. Raha olisi parlamentarismin ulkopuolla. Siksi ilmastokysymykset ovat t\u00e4rkeit\u00e4 EU keskusjohdolle. K\u00e4yt\u00e4nn\u00f6ss\u00e4 p\u00e4\u00e4st\u00f6kauppakin on lis\u00e4nnyt saasteita, mik\u00e4 ei haittaa kun raha liikkuu.<br \/>-Vihre\u00e4t ovat sivuuttaneet aidon luonnonsuojelun jo vuosikymmen sitten. Nyt peitet\u00e4\u00e4n viheralueet raiteilla, teill\u00e4 ja betonilla. Saksassa \u00e4\u00e4nest\u00e4j\u00e4t ovat jo huomanneet ja kannatus on marginaalissa.<br \/>-Suomi tietysti sitoutuu maksamaan ilmastonsuojelusta mit\u00e4 pyydet\u00e4\u00e4n ja hoitaa EU toivomuksia jopa yli vaatimusten.<br \/>-Sotessa pakkolunastetaan kuntalaisten jo maksamat parhaat terv.keskukset ja sairaalat sijoitustuotteeseen, yhti\u00f6\u00f6n.<\/p>\n<p>-Uusi EU-johto ja Suomen hallitus ja ei-PS-puolueet on yhdest\u00e4 asiasta samaa mielt\u00e4. On p\u00e4\u00e4asia, ett\u00e4 kansat saa maksaa ja pit\u00e4\u00e4 olla p\u00f6hin\u00e4\u00e4.<\/p>\n<p>-PS jatko on taas oma artikkelinsa<br \/>&#8211;150 l\u00e4hti ja enemm\u00e4n on tullut tilalle.<br \/>&#8211;Uudistunut PS voi jatkaa selke\u00e4\u00e4 ja loogista politiikkansa paremmin<br \/>&#8211;soinilaisten jarrutus ja kesken\u00e4\u00e4n sopiminen PSss\u00e4 on nyt loppu<br \/>&#8211;Puolueeseen liittymisess\u00e4 on piikki<br \/>-Nyt my\u00f6s nukkujat ovat her\u00e4nneet ja antaneet tukea PS:lle. Nukkujien puolue on Suomen suurin, noin 40 % \u00e4\u00e4nioikeutustia, eli 66% \u00e4\u00e4nest\u00e4jist\u00e4 ( =100%*0,4\/0,6)<br \/>-PS sai 2011 ja 2015 eduskuntavaaleissa yli 520 000 \u00e4\u00e4nt\u00e4.<br \/>-EU-kriittiset ovat saaneet EU maissa n 1\/4 \u00e4\u00e4nist\u00e4. Gallupeissa EU-kriittisi\u00e4 on ollut 60 %.<br \/>-PS on empaattinen katuvia loikkareita kohtaan ja voi tarjota kodin ja \u00e4\u00e4nest\u00e4ji\u00e4.<br \/>-UV ryhm\u00e4ss\u00e4 ei ole ollenkaan \u00e4\u00e4nest\u00e4ji\u00e4 eik\u00e4 puoluetta. Kentt\u00e4\u00e4n ei mahdu uusi EU+keskusta+kokoomusmy\u00f6nteinen puolue, jotka jo on. PS ei jakaudu.<\/p>\n<p>Linkkej\u00e4 asiasta :<br \/><a href=\"http:\/\/www.iltalehti.fi\/politiikka\/201710242200482054_pi.shtml\" target=\"_blank\" rel=\"noopener\">http:\/\/www.iltalehti.fi\/politiikka\/201710242200482054_pi.shtml<\/a><\/p>\n<p>*** Voi pekuttaa niin tiedet\u00e4\u00e4n , ett\u00e4 t\u00e4m\u00e4 kiinnostaa.<\/p>\n<p><img loading=\"lazy\" decoding=\"async\" class=\"size-medium wp-image-1278 aligncenter lazyload\" src=\"data:image\/gif;base64,R0lGODlhAQABAAAAACH5BAEKAAEALAAAAAABAAEAAAICTAEAOw==\" alt=\"\" width=\"300\" height=\"195\" sizes=\"auto, (max-width: 300px) 100vw, 300px\" data-src=\"http:\/\/kanerva.eu\/fi\/wp-content\/uploads\/2016\/06\/SEUnkruunulippu-Brexit2-300x195.jpg\" data-srcset=\"https:\/\/kanerva.eu\/fi\/wp-content\/uploads\/2016\/06\/SEUnkruunulippu-Brexit2-300x195.jpg 300w, https:\/\/kanerva.eu\/fi\/wp-content\/uploads\/2016\/06\/SEUnkruunulippu-Brexit2-768x499.jpg 768w, https:\/\/kanerva.eu\/fi\/wp-content\/uploads\/2016\/06\/SEUnkruunulippu-Brexit2-1024x665.jpg 1024w, https:\/\/kanerva.eu\/fi\/wp-content\/uploads\/2016\/06\/SEUnkruunulippu-Brexit2-225x146.jpg 225w, https:\/\/kanerva.eu\/fi\/wp-content\/uploads\/2016\/06\/SEUnkruunulippu-Brexit2.jpg 1825w\"><\/p>\n\n\n<p class=\"wp-block-paragraph\"><\/p>\n","protected":false},"excerpt":{"rendered":"<p>Kirjoitan yhteenvetoa PS jakaantumisesta.Soinin ja Elon ryhm\u00e4n jakaantuminen oli suunniteltu, laskelmoitu kauan etuk\u00e4teen. Asiaa oli neuvoteltu salassa (viite is-artikkeli)\u00a0 my\u00f6s Keskustan ja Kokoomuksen johdon kanssa ja sovittu asiat. Asia oli jo sovittuna p\u00e4\u00e4osin puoluekokouksen alkaessa. Edustajat k\u00e4yt\u00e4nn\u00f6ss\u00e4 ostettiin ulos lupaamalla hyvi\u00e4 asioita. T\u00e4st\u00e4 tuli l\u00e4htev\u00e4n Timo Soinin ryhm\u00e4n ja Perussuomalaisten avoero ja pes\u00e4nselvitys. Osa edustajista\u00a0 siirtyi [&hellip;]<\/p>\n","protected":false},"author":1,"featured_media":1220,"comment_status":"open","ping_status":"open","sticky":false,"template":"","format":"standard","meta":{"_uag_custom_page_level_css":"","_crdt_document":"","site-sidebar-layout":"default","site-content-layout":"default","ast-site-content-layout":"default","site-content-style":"default","site-sidebar-style":"default","ast-global-header-display":"","ast-banner-title-visibility":"","ast-main-header-display":"","ast-hfb-above-header-display":"","ast-hfb-below-header-display":"","ast-hfb-mobile-header-display":"","site-post-title":"","ast-breadcrumbs-content":"","ast-featured-img":"","footer-sml-layout":"","ast-disable-related-posts":"","theme-transparent-header-meta":"default","adv-header-id-meta":"","stick-header-meta":"default","header-above-stick-meta":"","header-main-stick-meta":"","header-below-stick-meta":"","astra-migrate-meta-layouts":"default","ast-page-background-enabled":"default","ast-page-background-meta":{"desktop":{"background-color":"","background-image":"","background-repeat":"repeat","background-position":"center center","background-size":"auto","background-attachment":"scroll","background-type":"","background-media":"","overlay-type":"","overlay-color":"","overlay-opacity":"","overlay-gradient":""},"tablet":{"background-color":"","background-image":"","background-repeat":"repeat","background-position":"center center","background-size":"auto","background-attachment":"scroll","background-type":"","background-media":"","overlay-type":"","overlay-color":"","overlay-opacity":"","overlay-gradient":""},"mobile":{"background-color":"","background-image":"","background-repeat":"repeat","background-position":"center center","background-size":"auto","background-attachment":"scroll","background-type":"","background-media":"","overlay-type":"","overlay-color":"","overlay-opacity":"","overlay-gradient":""}},"ast-content-background-meta":{"desktop":{"background-color":"var(--ast-global-color-5)","background-image":"","background-repeat":"repeat","background-position":"center center","background-size":"auto","background-attachment":"scroll","background-type":"","background-media":"","overlay-type":"","overlay-color":"","overlay-opacity":"","overlay-gradient":""},"tablet":{"background-color":"var(--ast-global-color-5)","background-image":"","background-repeat":"repeat","background-position":"center center","background-size":"auto","background-attachment":"scroll","background-type":"","background-media":"","overlay-type":"","overlay-color":"","overlay-opacity":"","overlay-gradient":""},"mobile":{"background-color":"var(--ast-global-color-5)","background-image":"","background-repeat":"repeat","background-position":"center center","background-size":"auto","background-attachment":"scroll","background-type":"","background-media":"","overlay-type":"","overlay-color":"","overlay-opacity":"","overlay-gradient":""}},"footnotes":""},"categories":[47,120],"tags":[243,242],"class_list":["post-1773","post","type-post","status-publish","format-standard","has-post-thumbnail","hentry","category-perussuomalaiset","category-blogi","tag-loikkaus","tag-siniset"],"uagb_featured_image_src":{"full":["https:\/\/kanerva.eu\/fi\/wp-content\/uploads\/2016\/03\/IMG_3459-e1640055163420.jpg",600,400,false],"thumbnail":["https:\/\/kanerva.eu\/fi\/wp-content\/uploads\/2016\/03\/IMG_3459-150x267.jpg",150,267,true],"medium":["https:\/\/kanerva.eu\/fi\/wp-content\/uploads\/2016\/03\/IMG_3459-300x200.jpg",300,200,true],"medium_large":["https:\/\/kanerva.eu\/fi\/wp-content\/uploads\/2016\/03\/IMG_3459-768x512.jpg",768,512,true],"large":["https:\/\/kanerva.eu\/fi\/wp-content\/uploads\/2016\/03\/IMG_3459-1024x683.jpg",1024,683,true],"thumblist":["https:\/\/kanerva.eu\/fi\/wp-content\/uploads\/2016\/03\/IMG_3459-e1640055163420.jpg",300,200,false],"thumbrelated":["https:\/\/kanerva.eu\/fi\/wp-content\/uploads\/2016\/03\/IMG_3459-e1640055163420.jpg",500,333,false],"meccarouselthumb":["https:\/\/kanerva.eu\/fi\/wp-content\/uploads\/2016\/03\/IMG_3459-e1640055163420.jpg",474,316,false],"gridsquare":["https:\/\/kanerva.eu\/fi\/wp-content\/uploads\/2016\/03\/IMG_3459-e1640055163420.jpg",391,260,false],"tileview":["https:\/\/kanerva.eu\/fi\/wp-content\/uploads\/2016\/03\/IMG_3459-e1640055163420.jpg",300,200,false],"1536x1536":["https:\/\/kanerva.eu\/fi\/wp-content\/uploads\/2016\/03\/IMG_3459-e1640055163420.jpg",600,400,false],"2048x2048":["https:\/\/kanerva.eu\/fi\/wp-content\/uploads\/2016\/03\/IMG_3459-e1640055163420.jpg",600,400,false]},"uagb_author_info":{"display_name":"Kanerva Jarmo","author_link":"https:\/\/kanerva.eu\/fi\/author\/admin\/"},"uagb_comment_info":0,"uagb_excerpt":"Kirjoitan yhteenvetoa PS jakaantumisesta.Soinin ja Elon ryhm\u00e4n jakaantuminen oli suunniteltu, laskelmoitu kauan etuk\u00e4teen. Asiaa oli neuvoteltu salassa (viite is-artikkeli)\u00a0 my\u00f6s Keskustan ja Kokoomuksen johdon kanssa ja sovittu asiat. Asia oli jo sovittuna p\u00e4\u00e4osin puoluekokouksen alkaessa. Edustajat k\u00e4yt\u00e4nn\u00f6ss\u00e4 ostettiin ulos lupaamalla hyvi\u00e4 asioita. T\u00e4st\u00e4 tuli l\u00e4htev\u00e4n Timo Soinin ryhm\u00e4n ja Perussuomalaisten avoero ja pes\u00e4nselvitys. Osa edustajista\u00a0&hellip;","_links":{"self":[{"href":"https:\/\/kanerva.eu\/fi\/wp-json\/wp\/v2\/posts\/1773","targetHints":{"allow":["GET"]}}],"collection":[{"href":"https:\/\/kanerva.eu\/fi\/wp-json\/wp\/v2\/posts"}],"about":[{"href":"https:\/\/kanerva.eu\/fi\/wp-json\/wp\/v2\/types\/post"}],"author":[{"embeddable":true,"href":"https:\/\/kanerva.eu\/fi\/wp-json\/wp\/v2\/users\/1"}],"replies":[{"embeddable":true,"href":"https:\/\/kanerva.eu\/fi\/wp-json\/wp\/v2\/comments?post=1773"}],"version-history":[{"count":1,"href":"https:\/\/kanerva.eu\/fi\/wp-json\/wp\/v2\/posts\/1773\/revisions"}],"predecessor-version":[{"id":8494,"href":"https:\/\/kanerva.eu\/fi\/wp-json\/wp\/v2\/posts\/1773\/revisions\/8494"}],"wp:featuredmedia":[{"embeddable":true,"href":"https:\/\/kanerva.eu\/fi\/wp-json\/wp\/v2\/media\/1220"}],"wp:attachment":[{"href":"https:\/\/kanerva.eu\/fi\/wp-json\/wp\/v2\/media?parent=1773"}],"wp:term":[{"taxonomy":"category","embeddable":true,"href":"https:\/\/kanerva.eu\/fi\/wp-json\/wp\/v2\/categories?post=1773"},{"taxonomy":"post_tag","embeddable":true,"href":"https:\/\/kanerva.eu\/fi\/wp-json\/wp\/v2\/tags?post=1773"}],"curies":[{"name":"wp","href":"https:\/\/api.w.org\/{rel}","templated":true}]}}