{"id":1039,"date":"2015-01-15T14:12:26","date_gmt":"2015-01-15T12:12:26","guid":{"rendered":"http:\/\/kanerva.eu\/fi\/?p=1039"},"modified":"2024-07-05T14:07:30","modified_gmt":"2024-07-05T11:07:30","slug":"suomettuminen","status":"publish","type":"post","link":"https:\/\/kanerva.eu\/fi\/1039\/suomettuminen\/","title":{"rendered":"Tiedon suomettuminen"},"content":{"rendered":"<p>Suomi ei ole rehellinen ja reilu. Myytti siit\u00e4 on kaatunut.<\/p>\n<p>Kansallinen propaganda on maailmankuulua <a href=\"http:\/\/fi.wikipedia.org\/wiki\/Suomettuminen\" target=\"_blank\" rel=\"noopener\">suomettumista<\/a>, finnlandisierung (saksal.) ,finlandization (engl.). Kansallisella propagandalla on pitk\u00e4 kulttuurihistoria mm. kylm\u00e4n sodan ajasta. Asia kuuluu Suomi br\u00e4ndiin. Siit\u00e4 on ollut haittaa mm. YK:ssa ja EU:ssa. T\u00e4m\u00e4 selitt\u00e4\u00e4, miksi moni julkinen asia tuntuu ep\u00e4loogiselta ja valehtelulta.<\/p>\n<p>Suomen kansa on jo niin turtunut julkiseen valehteluun, asioiden v\u00e4\u00e4ristelyyn ja sensuuriin ettei se jaksa en\u00e4\u00e4 reagoida. Tiedet\u00e4\u00e4n miss\u00e4 menn\u00e4\u00e4n. Moni kritiikki esiintyy sarkasmina. Ei voida puhua oikeasta asiasta tai asia on jo absurdi, j\u00e4rjenvastainen. Vaaleissa ei suuri osa&nbsp; edes viitsi \u00e4\u00e4nest\u00e4\u00e4 puolueita.<\/p>\n<p>Suomessa kerrotaan totuutena iskulauseita ja annetaan disinformaatiota. Usein jossittelut, mielipiteet ja asioiden v\u00e4\u00e4ntelyt puetaan totuuksiksi. Joskus ne ovat&nbsp; haaveita ja&nbsp;tyhji\u00e4 lupauksia, kuumaa ilmaa. Niit\u00e4 tulee poliitikoilta ja median kautta.&nbsp; Perustelut puuttuvat tai ovat niin kehnoja, ett\u00e4 ne eiv\u00e4t kest\u00e4 mit\u00e4\u00e4n kriittist\u00e4 tarkastelua. Perusteena voi olla &#8217;tutkijat&#8217;, muutama maksettu tutkija tai &#8217;suomalaiset&#8217;, muutamia suomalaisia tai valikoitua tilastotietoa ja mielivaltainen&nbsp; johtop\u00e4\u00e4t\u00f6s.&nbsp; Ilman argumentteja ajaudutaan mustamaalaamaan kritisoijia. Se on maan tapa. Laeilla ja k\u00e4yt\u00e4nn\u00f6ill\u00e4 my\u00f6s sensuroidaan &#8217;v\u00e4\u00e4rinajattelijoita&#8217; ja mediaa.<\/p>\n<p>Moni suuri p\u00e4\u00e4t\u00f6s perustuu sitten toiveiseen ja haaveisiin ja jossitteluihin. On voitu junailla poliittisia etuisuuksia itselle, jotka muut maksaa kalliisti. Tosiasioita ja osaamista sivuutetaan. Toivotaan, ett\u00e4&nbsp; parempi tulevaisuus sitten joskus maksaa kaikki otetut lainat ja investoinnit.<\/p>\n<p>Jatkuvasti saadaan kuulla, miten Suomessa on ty\u00f6voimapula, talous menestyy hyvin, Ven\u00e4j\u00e4n pakotteet ei koske Suomeen, hallitus on toiminut hyvin, Suomi on l\u00e4hes maailman kilpailukykyisin ja turvallisin maa jne. Useaa iskulausetta turrutaan pit\u00e4m\u00e4\u00e4n totena ja ainoana toimintamallina. Varoitusmerkkin\u00e4 on usein kiire asiassa ja &#8217;on vain yksi tapa&#8217; selityksi\u00e4. My\u00f6s sana &#8217;edell\u00e4k\u00e4vij\u00e4&#8217;&nbsp; on tarkastelun paikka.<\/p>\n<p>Monista samanlaisten surkeiden yksitt\u00e4istapausten sarjoista ja ilmi\u00f6ist\u00e4 ei voida muka vet\u00e4\u00e4 johtop\u00e4\u00e4t\u00f6ksi\u00e4 ja halutaan hyssytell\u00e4 ongelmia julkisen totuuden mukaan. Yritet\u00e4\u00e4n kertoa humanistinen logiikka ett\u00e4 1+1+1+1+&#8230;=1. Muut tosin tiet\u00e4v\u00e4t tarkkaan miss\u00e4 menn\u00e4\u00e4n. Yksitt\u00e4istapaukista, mekanismeista ja korrelaatiosta voidaan l\u00f6yt\u00e4\u00e4 syy ja korjata asia.&nbsp; T\u00e4ll\u00e4 tavoin asiat pahenevat kun ongelmiin puututa tarpeeksi varhain. Asioihin puuttumattomuus on hengen- ja ruumiinvaarallista.<\/p>\n<p>HS:ss\u00e4 oli ulkomailta tullut mielipidekirjoitus, joka pys\u00e4ytti.&nbsp;&nbsp; <a href=\"http:\/\/www.hs.fi\/ulkomaat\/a1305913779996\" target=\"_blank\" rel=\"noopener\">http:\/\/www.hs.fi\/ulkomaat\/a1305913779996<\/a><br \/>\nSuomessa kerrotaan paljon julkisia valheita ja satuja. Eik\u00e4 niihin luoteta miss\u00e4\u00e4n, edes kansainv\u00e4lisill\u00e4 foorumeilla.&nbsp; Media saa osan kritiikist\u00e4 ep\u00e4totuudenmukaisista uutisista, my\u00f6t\u00e4ilyst\u00e4 ja hyssyttelyst\u00e4.<\/p>\n<p>Viime hallituksien lupauksia ja aikaansaannoksia. <a href=\"http:\/\/kanerva.eu\/fi\/?p=1001\" target=\"_blank\" rel=\"noopener\">http:\/\/kanerva.eu\/fi\/?p=1001<\/a><\/p>\n<p>=&gt; Ratkaisuna olisi, ett\u00e4 jo perustuslaissa s\u00e4\u00e4det\u00e4\u00e4n, ett\u00e4 kansalaiset saavat puhua totta. Eik\u00e4 totuuden puhumista voida k\u00e4ytt\u00e4\u00e4 henkil\u00f6\u00e4 vastaan.&nbsp; Poikkeuksena h\u00e4t\u00e4tilassa erikseen s\u00e4\u00e4detty yhteiskuntaa vahingoittava tieto uhkaajille, kuten tiedot joukoista ja kohteista. Poikkeuksena erikseen salaisiksi s\u00e4\u00e4detty tieto, kuten tuomioistuinten salatut p\u00e4\u00e4t\u00f6kset, sopimuksin salattu tieto ym.<\/p>\n<p>Asiaan kuuluva Blogi Taistelu oikeasta tiedosta ja mielikuvista ja kannatuksesta <a href=\"http:\/\/kanerva.eu\/fi\/?p=607\" target=\"_blank\" rel=\"noopener\">http:\/\/kanerva.eu\/fi\/?p=607<\/a><\/p>\n<p>Esim. <a href=\"http:\/\/www.finlex.fi\/fi\/oikeus\/eurooppa\/feit\/suomi.php\" target=\"_blank\" rel=\"noopener\">http:\/\/www.finlex.fi\/fi\/oikeus\/eurooppa\/feit\/suomi.php<\/a><br \/>\n<a href=\"http:\/\/www.jsn.fi\/paatokset\/?year=2014\" target=\"_blank\" rel=\"noopener\">http:\/\/www.jsn.fi\/paatokset\/?year=2014<\/a><br \/>\n<a href=\"http:\/\/www.talouselama.fi\/uutiset\/sdpn+lehti+valehteli+lukijoilleen+jotta+kokoomusministeri+nayttaisi+rosvolta\/a2292720\" target=\"_blank\" rel=\"noopener\">http:\/\/www.talouselama.fi\/uutiset\/sdpn+lehti+valehteli+lukijoilleen+jotta+kokoomusministeri+nayttaisi+rosvolta\/a2292720<\/a><\/p>\n<p>\/\/***<\/p>\n<p>T\u00e4t\u00e4 artikkelia kehitet\u00e4\u00e4n viel\u00e4 ja otetaan palautetta vastaan.<\/p>\n<p>Peukuta jos pidit tekstist\u00e4 niin tiedet\u00e4\u00e4n.<\/p>\n","protected":false},"excerpt":{"rendered":"<p>Suomi ei ole rehellinen ja reilu. Myytti siit\u00e4 on kaatunut. Kansallinen propaganda on maailmankuulua suomettumista, finnlandisierung (saksal.) ,finlandization (engl.). Kansallisella propagandalla on pitk\u00e4 kulttuurihistoria mm. kylm\u00e4n sodan ajasta. Asia kuuluu Suomi br\u00e4ndiin. Siit\u00e4 on ollut haittaa mm. YK:ssa ja EU:ssa. T\u00e4m\u00e4 selitt\u00e4\u00e4, miksi moni julkinen asia tuntuu ep\u00e4loogiselta ja valehtelulta. Suomen kansa on jo niin turtunut [&hellip;]<\/p>\n","protected":false},"author":1,"featured_media":797,"comment_status":"open","ping_status":"open","sticky":false,"template":"","format":"standard","meta":{"_uag_custom_page_level_css":"","_crdt_document":"","site-sidebar-layout":"default","site-content-layout":"default","ast-site-content-layout":"default","site-content-style":"default","site-sidebar-style":"default","ast-global-header-display":"","ast-banner-title-visibility":"","ast-main-header-display":"","ast-hfb-above-header-display":"","ast-hfb-below-header-display":"","ast-hfb-mobile-header-display":"","site-post-title":"","ast-breadcrumbs-content":"","ast-featured-img":"","footer-sml-layout":"","ast-disable-related-posts":"","theme-transparent-header-meta":"default","adv-header-id-meta":"","stick-header-meta":"default","header-above-stick-meta":"","header-main-stick-meta":"","header-below-stick-meta":"","astra-migrate-meta-layouts":"default","ast-page-background-enabled":"default","ast-page-background-meta":{"desktop":{"background-color":"","background-image":"","background-repeat":"repeat","background-position":"center center","background-size":"auto","background-attachment":"scroll","background-type":"","background-media":"","overlay-type":"","overlay-color":"","overlay-opacity":"","overlay-gradient":""},"tablet":{"background-color":"","background-image":"","background-repeat":"repeat","background-position":"center center","background-size":"auto","background-attachment":"scroll","background-type":"","background-media":"","overlay-type":"","overlay-color":"","overlay-opacity":"","overlay-gradient":""},"mobile":{"background-color":"","background-image":"","background-repeat":"repeat","background-position":"center center","background-size":"auto","background-attachment":"scroll","background-type":"","background-media":"","overlay-type":"","overlay-color":"","overlay-opacity":"","overlay-gradient":""}},"ast-content-background-meta":{"desktop":{"background-color":"var(--ast-global-color-5)","background-image":"","background-repeat":"repeat","background-position":"center center","background-size":"auto","background-attachment":"scroll","background-type":"","background-media":"","overlay-type":"","overlay-color":"","overlay-opacity":"","overlay-gradient":""},"tablet":{"background-color":"var(--ast-global-color-5)","background-image":"","background-repeat":"repeat","background-position":"center center","background-size":"auto","background-attachment":"scroll","background-type":"","background-media":"","overlay-type":"","overlay-color":"","overlay-opacity":"","overlay-gradient":""},"mobile":{"background-color":"var(--ast-global-color-5)","background-image":"","background-repeat":"repeat","background-position":"center center","background-size":"auto","background-attachment":"scroll","background-type":"","background-media":"","overlay-type":"","overlay-color":"","overlay-opacity":"","overlay-gradient":""}},"footnotes":""},"categories":[13,25,22],"tags":[258,417,43],"class_list":["post-1039","post","type-post","status-publish","format-standard","has-post-thumbnail","hentry","category-suomi","category-eurososialismi","category-saatelytalous","tag-propaganda","tag-suomettuminen","tag-suomi"],"uagb_featured_image_src":{"full":["https:\/\/kanerva.eu\/fi\/wp-content\/uploads\/2014\/09\/Fl_Sin.jpg",1800,1100,false],"thumbnail":["https:\/\/kanerva.eu\/fi\/wp-content\/uploads\/2014\/09\/Fl_Sin.jpg",150,92,false],"medium":["https:\/\/kanerva.eu\/fi\/wp-content\/uploads\/2014\/09\/Fl_Sin.jpg",300,183,false],"medium_large":["https:\/\/kanerva.eu\/fi\/wp-content\/uploads\/2014\/09\/Fl_Sin.jpg",768,469,false],"large":["https:\/\/kanerva.eu\/fi\/wp-content\/uploads\/2014\/09\/Fl_Sin.jpg",1024,626,false],"thumblist":["https:\/\/kanerva.eu\/fi\/wp-content\/uploads\/2014\/09\/Fl_Sin.jpg",300,183,false],"thumbrelated":["https:\/\/kanerva.eu\/fi\/wp-content\/uploads\/2014\/09\/Fl_Sin.jpg",500,306,false],"meccarouselthumb":["https:\/\/kanerva.eu\/fi\/wp-content\/uploads\/2014\/09\/Fl_Sin.jpg",474,290,false],"gridsquare":["https:\/\/kanerva.eu\/fi\/wp-content\/uploads\/2014\/09\/Fl_Sin.jpg",391,239,false],"tileview":["https:\/\/kanerva.eu\/fi\/wp-content\/uploads\/2014\/09\/Fl_Sin.jpg",300,183,false],"1536x1536":["https:\/\/kanerva.eu\/fi\/wp-content\/uploads\/2014\/09\/Fl_Sin.jpg",1536,939,false],"2048x2048":["https:\/\/kanerva.eu\/fi\/wp-content\/uploads\/2014\/09\/Fl_Sin.jpg",1800,1100,false]},"uagb_author_info":{"display_name":"Kanerva Jarmo","author_link":"https:\/\/kanerva.eu\/fi\/author\/admin\/"},"uagb_comment_info":0,"uagb_excerpt":"Suomi ei ole rehellinen ja reilu. Myytti siit\u00e4 on kaatunut. Kansallinen propaganda on maailmankuulua suomettumista, finnlandisierung (saksal.) ,finlandization (engl.). Kansallisella propagandalla on pitk\u00e4 kulttuurihistoria mm. kylm\u00e4n sodan ajasta. Asia kuuluu Suomi br\u00e4ndiin. Siit\u00e4 on ollut haittaa mm. YK:ssa ja EU:ssa. T\u00e4m\u00e4 selitt\u00e4\u00e4, miksi moni julkinen asia tuntuu ep\u00e4loogiselta ja valehtelulta. Suomen kansa on jo niin&hellip;","_links":{"self":[{"href":"https:\/\/kanerva.eu\/fi\/wp-json\/wp\/v2\/posts\/1039","targetHints":{"allow":["GET"]}}],"collection":[{"href":"https:\/\/kanerva.eu\/fi\/wp-json\/wp\/v2\/posts"}],"about":[{"href":"https:\/\/kanerva.eu\/fi\/wp-json\/wp\/v2\/types\/post"}],"author":[{"embeddable":true,"href":"https:\/\/kanerva.eu\/fi\/wp-json\/wp\/v2\/users\/1"}],"replies":[{"embeddable":true,"href":"https:\/\/kanerva.eu\/fi\/wp-json\/wp\/v2\/comments?post=1039"}],"version-history":[{"count":1,"href":"https:\/\/kanerva.eu\/fi\/wp-json\/wp\/v2\/posts\/1039\/revisions"}],"predecessor-version":[{"id":8563,"href":"https:\/\/kanerva.eu\/fi\/wp-json\/wp\/v2\/posts\/1039\/revisions\/8563"}],"wp:featuredmedia":[{"embeddable":true,"href":"https:\/\/kanerva.eu\/fi\/wp-json\/wp\/v2\/media\/797"}],"wp:attachment":[{"href":"https:\/\/kanerva.eu\/fi\/wp-json\/wp\/v2\/media?parent=1039"}],"wp:term":[{"taxonomy":"category","embeddable":true,"href":"https:\/\/kanerva.eu\/fi\/wp-json\/wp\/v2\/categories?post=1039"},{"taxonomy":"post_tag","embeddable":true,"href":"https:\/\/kanerva.eu\/fi\/wp-json\/wp\/v2\/tags?post=1039"}],"curies":[{"name":"wp","href":"https:\/\/api.w.org\/{rel}","templated":true}]}}